{"id":33205,"date":"2026-09-01T11:37:05","date_gmt":"2026-09-01T14:37:05","guid":{"rendered":"https:\/\/acontecenafronteira.com.br\/?p=33205"},"modified":"2026-09-01T11:37:05","modified_gmt":"2026-09-01T14:37:05","slug":"sueli-crespa-lanca-livro-na-feira-do-livro-de-foz","status":"publish","type":"post","link":"https:\/\/acontecenafronteira.com.br\/index.php\/2026\/09\/01\/sueli-crespa-lanca-livro-na-feira-do-livro-de-foz\/","title":{"rendered":"Sueli Crespa lan\u00e7a livro na Feira do Livro de Foz"},"content":{"rendered":"<p>A escritora Sueli Crespa vai lan\u00e7ar sua nova obra, intitulada <strong>Manual de Sobreviv\u00eancia de uma Mulher Negra<\/strong>, durante a programa\u00e7\u00e3o da Feira do Livro de Foz do Igua\u00e7u. O evento de estreia do exemplar ocorre neste domingo (6), na Pra\u00e7a da Paz, reunindo leitores e entusiastas da literatura contempor\u00e2nea.<\/p>\n<h2>Reflex\u00e3o e resist\u00eancia feminina<\/h2>\n<p>\nO livro traz uma proposta profunda de an\u00e1lise sobre o cotidiano, os desafios e as viv\u00eancias das mulheres negras na sociedade atual, costurando narrativas com sensibilidade e firmeza.<\/p>\n<h2>Arte e afeto como ferramentas<\/h2>\n<p>\nNas p\u00e1ginas da publica\u00e7\u00e3o, a autora articula o uso do <strong>afeto<\/strong>, da <strong>arte<\/strong> e de t\u00e1ticas pr\u00e1ticas de exist\u00eancia para fortalecer a identidade e a resili\u00eancia do p\u00fablico leitor feminino.<\/p>\n<p>A programa\u00e7\u00e3o na Pra\u00e7a da Paz promete atrair grande p\u00fablico interessado em debates sobre representatividade, cultura e inclus\u00e3o liter\u00e1ria na regi\u00e3o de fronteira.<\/p>\n<p>Por Reda\u00e7\u00e3o Acontece<\/p>\n<p>Cr\u00e9ditos da imagem: Divulga\u00e7\u00e3o \/ Feira do Livro<\/p>\n","protected":false},"excerpt":{"rendered":"<p>A escritora Sueli Crespa vai lan\u00e7ar sua nova obra, intitulada Manual de Sobreviv\u00eancia de uma Mulher Negra, durante a programa\u00e7\u00e3o da Feira do Livro de Foz do Igua\u00e7u. O evento de estreia do exemplar ocorre neste domingo (6), na Pra\u00e7a da Paz, reunindo leitores e entusiastas da literatura contempor\u00e2nea. Reflex\u00e3o e resist\u00eancia feminina O livro [&hellip;]<\/p>\n","protected":false},"author":0,"featured_media":33209,"comment_status":"open","ping_status":"open","sticky":false,"template":"","format":"standard","meta":{"footnotes":""},"categories":[4],"tags":[],"class_list":["post-33205","post","type-post","status-publish","format-standard","has-post-thumbnail","hentry","category-cidade"],"_links":{"self":[{"href":"https:\/\/acontecenafronteira.com.br\/index.php\/wp-json\/wp\/v2\/posts\/33205","targetHints":{"allow":["GET"]}}],"collection":[{"href":"https:\/\/acontecenafronteira.com.br\/index.php\/wp-json\/wp\/v2\/posts"}],"about":[{"href":"https:\/\/acontecenafronteira.com.br\/index.php\/wp-json\/wp\/v2\/types\/post"}],"replies":[{"embeddable":true,"href":"https:\/\/acontecenafronteira.com.br\/index.php\/wp-json\/wp\/v2\/comments?post=33205"}],"version-history":[{"count":1,"href":"https:\/\/acontecenafronteira.com.br\/index.php\/wp-json\/wp\/v2\/posts\/33205\/revisions"}],"predecessor-version":[{"id":33208,"href":"https:\/\/acontecenafronteira.com.br\/index.php\/wp-json\/wp\/v2\/posts\/33205\/revisions\/33208"}],"wp:featuredmedia":[{"embeddable":true,"href":"https:\/\/acontecenafronteira.com.br\/index.php\/wp-json\/wp\/v2\/media\/33209"}],"wp:attachment":[{"href":"https:\/\/acontecenafronteira.com.br\/index.php\/wp-json\/wp\/v2\/media?parent=33205"}],"wp:term":[{"taxonomy":"category","embeddable":true,"href":"https:\/\/acontecenafronteira.com.br\/index.php\/wp-json\/wp\/v2\/categories?post=33205"},{"taxonomy":"post_tag","embeddable":true,"href":"https:\/\/acontecenafronteira.com.br\/index.php\/wp-json\/wp\/v2\/tags?post=33205"}],"curies":[{"name":"wp","href":"https:\/\/api.w.org\/{rel}","templated":true}]}}