{"id":33204,"date":"2026-09-01T11:36:42","date_gmt":"2026-09-01T14:36:42","guid":{"rendered":"https:\/\/acontecenafronteira.com.br\/?p=33204"},"modified":"2026-09-01T11:36:42","modified_gmt":"2026-09-01T14:36:42","slug":"desfile-de-7-de-setembro-altera-transito-na-av-parana","status":"publish","type":"post","link":"https:\/\/acontecenafronteira.com.br\/index.php\/2026\/09\/01\/desfile-de-7-de-setembro-altera-transito-na-av-parana\/","title":{"rendered":"Desfile de 7 de Setembro altera tr\u00e2nsito na Av. Paran\u00e1"},"content":{"rendered":"<p>Motoristas que circulam pela regi\u00e3o da Avenida Paran\u00e1 precisam redobrar a aten\u00e7\u00e3o a partir desta sexta-feira (4), devido \u00e0s interven\u00e7\u00f5es vi\u00e1rias necess\u00e1rias para a realiza\u00e7\u00e3o do tradicional Desfile de 7 de Setembro. As mudan\u00e7as no tr\u00e1fego afetam diretamente o bairro Polo Centro e ocorrem de forma gradual at\u00e9 o dia do evento c\u00edvico.<\/p>\n<h2>Cronograma de bloqueios e fluxo reduzido<\/h2>\n<p>As primeiras altera\u00e7\u00f5es no tr\u00e2nsito come\u00e7am com a redu\u00e7\u00e3o do fluxo de ve\u00edculos na \u00e1rea para permitir a montagem de toda a estrutura que abrigar\u00e1 o p\u00fablico e os participantes. A medida serve para garantir a seguran\u00e7a dos trabalhadores e organizar o espa\u00e7o urbano antes da grande celebra\u00e7\u00e3o da Independ\u00eancia do Brasil.<\/p>\n<h2>Impacto total no dia do evento<\/h2>\n<p>O esquema especial de tr\u00e1fego culminar\u00e1 no fechamento completo das vias no pr\u00f3prio dia do desfile. A interdi\u00e7\u00e3o total \u00e9 fundamental para acomodar a grandiosa estrutura do evento, que j\u00e1 tem confirmada a presen\u00e7a de 3,8 mil participantes entre estudantes, for\u00e7as de seguran\u00e7a e entidades locais.<\/p>\n<p>A recomenda\u00e7\u00e3o das autoridades de tr\u00e2nsito \u00e9 para que os condutores busquem rotas alternativas e evitem transitar pelo entorno do Polo Centro nos hor\u00e1rios de pico durante o per\u00edodo de interdi\u00e7\u00f5es.<\/p>\n<p>Por Reda\u00e7\u00e3o Acontece<\/p>\n<p>Cr\u00e9ditos da imagem: Divulga\u00e7\u00e3o \/ Prefeitura Municipal<\/p>\n","protected":false},"excerpt":{"rendered":"<p>Motoristas que circulam pela regi\u00e3o da Avenida Paran\u00e1 precisam redobrar a aten\u00e7\u00e3o a partir desta sexta-feira (4), devido \u00e0s interven\u00e7\u00f5es vi\u00e1rias necess\u00e1rias para a realiza\u00e7\u00e3o do tradicional Desfile de 7 de Setembro. As mudan\u00e7as no tr\u00e1fego afetam diretamente o bairro Polo Centro e ocorrem de forma gradual at\u00e9 o dia do evento c\u00edvico. Cronograma de [&hellip;]<\/p>\n","protected":false},"author":0,"featured_media":33207,"comment_status":"open","ping_status":"open","sticky":false,"template":"","format":"standard","meta":{"footnotes":""},"categories":[4],"tags":[],"class_list":["post-33204","post","type-post","status-publish","format-standard","has-post-thumbnail","hentry","category-cidade"],"_links":{"self":[{"href":"https:\/\/acontecenafronteira.com.br\/index.php\/wp-json\/wp\/v2\/posts\/33204","targetHints":{"allow":["GET"]}}],"collection":[{"href":"https:\/\/acontecenafronteira.com.br\/index.php\/wp-json\/wp\/v2\/posts"}],"about":[{"href":"https:\/\/acontecenafronteira.com.br\/index.php\/wp-json\/wp\/v2\/types\/post"}],"replies":[{"embeddable":true,"href":"https:\/\/acontecenafronteira.com.br\/index.php\/wp-json\/wp\/v2\/comments?post=33204"}],"version-history":[{"count":1,"href":"https:\/\/acontecenafronteira.com.br\/index.php\/wp-json\/wp\/v2\/posts\/33204\/revisions"}],"predecessor-version":[{"id":33206,"href":"https:\/\/acontecenafronteira.com.br\/index.php\/wp-json\/wp\/v2\/posts\/33204\/revisions\/33206"}],"wp:featuredmedia":[{"embeddable":true,"href":"https:\/\/acontecenafronteira.com.br\/index.php\/wp-json\/wp\/v2\/media\/33207"}],"wp:attachment":[{"href":"https:\/\/acontecenafronteira.com.br\/index.php\/wp-json\/wp\/v2\/media?parent=33204"}],"wp:term":[{"taxonomy":"category","embeddable":true,"href":"https:\/\/acontecenafronteira.com.br\/index.php\/wp-json\/wp\/v2\/categories?post=33204"},{"taxonomy":"post_tag","embeddable":true,"href":"https:\/\/acontecenafronteira.com.br\/index.php\/wp-json\/wp\/v2\/tags?post=33204"}],"curies":[{"name":"wp","href":"https:\/\/api.w.org\/{rel}","templated":true}]}}