{"id":33190,"date":"2026-09-01T10:37:38","date_gmt":"2026-09-01T13:37:38","guid":{"rendered":"https:\/\/acontecenafronteira.com.br\/?p=33190"},"modified":"2026-09-01T10:37:38","modified_gmt":"2026-09-01T13:37:38","slug":"corintiano-que-matou-esposa-palmeirense-e-condenado","status":"publish","type":"post","link":"https:\/\/acontecenafronteira.com.br\/index.php\/2026\/09\/01\/corintiano-que-matou-esposa-palmeirense-e-condenado\/","title":{"rendered":"Corintiano que matou esposa palmeirense \u00e9 condenado"},"content":{"rendered":"<p>Um empres\u00e1rio paulista foi condenado a 13 anos e 24 dias de reclus\u00e3o pelo homic\u00eddio da pr\u00f3pria esposa, cometido ap\u00f3s um desacordo motivado pela rivalidade entre Corinthians e Palmeiras. O veredito foi proferido pelo Tribunal do J\u00fari da Capital, que acatou as teses de feminic\u00eddio e utiliza\u00e7\u00e3o de meio cruel.<\/p>\n<h2>O crime motivado por futebol<\/h2>\n<p>O homic\u00eddio aconteceu em janeiro de 2021, no domic\u00edlio da fam\u00edlia, situado em S\u00e3o Paulo, ap\u00f3s um embate na madrugada. A motiva\u00e7\u00e3o teve in\u00edcio em decorr\u00eancia de uma partida de futebol v\u00e1lida pela Copa Libertadores, na qual o clube alviverde sagrou-se vitorioso sobre o Santos por 1 a 0.<\/p>\n<h2>Din\u00e2mica da agress\u00e3o e condena\u00e7\u00e3o<\/h2>\n<p>Conforme a acusa\u00e7\u00e3o do Minist\u00e9rio P\u00fablico, o confronto verbal escalou para viol\u00eancia f\u00edsica quando o r\u00e9u utilizou uma arma branca para desferir m\u00faltiplos golpes contra a v\u00edtima, atingindo regi\u00f5es vitais como t\u00f3rax, dorso e membros inferiores. A presen\u00e7a dos filhos menores de idade no local no momento do ato il\u00edcito foi determinante para a majora\u00e7\u00e3o da san\u00e7\u00e3o penal aplicada.<\/p>\n<p>Apesar de ter admitido a autoria do ato fatal, o r\u00e9u alegou perante a Justi\u00e7a ter agido para repelir uma suposta injusta agress\u00e3o, argumentando que tamb\u00e9m sofreu ferimentos durante o embate f\u00edsico. Ele vinha respondendo ao processo em liberdade provis\u00f3ria.<\/p>\n<p>A defesa informou que pretende interpor recurso contra a senten\u00e7a condenat\u00f3ria proferida pelo Tribunal do J\u00fari.<\/p>\n<p>Por Reda\u00e7\u00e3o Acontece<\/p>\n<p>Cr\u00e9ditos da imagem: Reprodu\u00e7\u00e3o \/ Redes Sociais<\/p>\n","protected":false},"excerpt":{"rendered":"<p>Um empres\u00e1rio paulista foi condenado a 13 anos e 24 dias de reclus\u00e3o pelo homic\u00eddio da pr\u00f3pria esposa, cometido ap\u00f3s um desacordo motivado pela rivalidade entre Corinthians e Palmeiras. O veredito foi proferido pelo Tribunal do J\u00fari da Capital, que acatou as teses de feminic\u00eddio e utiliza\u00e7\u00e3o de meio cruel. O crime motivado por futebol [&hellip;]<\/p>\n","protected":false},"author":0,"featured_media":33195,"comment_status":"open","ping_status":"open","sticky":false,"template":"","format":"standard","meta":{"footnotes":""},"categories":[28],"tags":[],"class_list":["post-33190","post","type-post","status-publish","format-standard","has-post-thumbnail","hentry","category-mundo"],"_links":{"self":[{"href":"https:\/\/acontecenafronteira.com.br\/index.php\/wp-json\/wp\/v2\/posts\/33190","targetHints":{"allow":["GET"]}}],"collection":[{"href":"https:\/\/acontecenafronteira.com.br\/index.php\/wp-json\/wp\/v2\/posts"}],"about":[{"href":"https:\/\/acontecenafronteira.com.br\/index.php\/wp-json\/wp\/v2\/types\/post"}],"replies":[{"embeddable":true,"href":"https:\/\/acontecenafronteira.com.br\/index.php\/wp-json\/wp\/v2\/comments?post=33190"}],"version-history":[{"count":1,"href":"https:\/\/acontecenafronteira.com.br\/index.php\/wp-json\/wp\/v2\/posts\/33190\/revisions"}],"predecessor-version":[{"id":33194,"href":"https:\/\/acontecenafronteira.com.br\/index.php\/wp-json\/wp\/v2\/posts\/33190\/revisions\/33194"}],"wp:featuredmedia":[{"embeddable":true,"href":"https:\/\/acontecenafronteira.com.br\/index.php\/wp-json\/wp\/v2\/media\/33195"}],"wp:attachment":[{"href":"https:\/\/acontecenafronteira.com.br\/index.php\/wp-json\/wp\/v2\/media?parent=33190"}],"wp:term":[{"taxonomy":"category","embeddable":true,"href":"https:\/\/acontecenafronteira.com.br\/index.php\/wp-json\/wp\/v2\/categories?post=33190"},{"taxonomy":"post_tag","embeddable":true,"href":"https:\/\/acontecenafronteira.com.br\/index.php\/wp-json\/wp\/v2\/tags?post=33190"}],"curies":[{"name":"wp","href":"https:\/\/api.w.org\/{rel}","templated":true}]}}