{"id":33181,"date":"2026-09-01T10:37:30","date_gmt":"2026-09-01T13:37:30","guid":{"rendered":"https:\/\/acontecenafronteira.com.br\/?p=33181"},"modified":"2026-09-01T10:37:30","modified_gmt":"2026-09-01T13:37:30","slug":"pib-do-brasil-cresce-05-no-2o-trimestre-de-2026-com-agro","status":"publish","type":"post","link":"https:\/\/acontecenafronteira.com.br\/index.php\/2026\/09\/01\/pib-do-brasil-cresce-05-no-2o-trimestre-de-2026-com-agro\/","title":{"rendered":"PIB do Brasil cresce 0,5% no 2\u00ba trimestre de 2026 com agro"},"content":{"rendered":"<p>A economia brasileira registrou uma alta de 0,5% no Produto Interno Bruto (PIB) durante o segundo trimestre de 2026, conforme a compara\u00e7\u00e3o realizada com os tr\u00eas meses antecedentes. O resultado oficial foi divulgado pelo Instituto Brasileiro de Geografia e Estat\u00edstica, evidenciando a din\u00e2mica recente do mercado nacional.<\/p>\n<h2>O papel de destaque da agropecu\u00e1ria<\/h2>\n<p>O principal motor desse avan\u00e7o econ\u00f4mico foi o setor da <strong>agropecu\u00e1ria<\/strong>, que apresentou resultados expressivos no per\u00edodo analisado. Esse dinamismo no campo compensou oscila\u00e7\u00f5es em outras frentes produtivas.<\/p>\n<h2>An\u00e1lise setorial e o consumo das fam\u00edlias<\/h2>\n<p>Enquanto o campo puxou os \u00edndices para cima, o consumo das fam\u00edlias e o setor de servi\u00e7os tamb\u00e9m mantiveram patamares est\u00e1veis de contribui\u00e7\u00e3o. Analistas econ\u00f4micos avaliam que a infla\u00e7\u00e3o controlada exerceu um papel fundamental para sustentar o poder de compra da popula\u00e7\u00e3o ao longo desses meses.<\/p>\n<p>Outro aspecto relevante analisado pelos especialistas envolve o comportamento dos investimentos produtivos, conhecidos tecnicamente como Forma\u00e7\u00e3o Bruta de Capital Fixo. A taxa de investimento demonstrou resili\u00eancia diante do cen\u00e1rio macroecon\u00f4mico global desafiador.<\/p>\n<p>O panorama geral indica que o pa\u00eds segue em trajet\u00f3ria de estabilidade moderada, com expectativas sendo ajustadas por agentes financeiros para o fechamento anual.<\/p>\n<p>Por Reda\u00e7\u00e3o Acontece<\/p>\n<p>Imagem: Divulga\u00e7\u00e3o\/Ag\u00eancia Brasil<\/p>\n","protected":false},"excerpt":{"rendered":"<p>A economia brasileira registrou uma alta de 0,5% no Produto Interno Bruto (PIB) durante o segundo trimestre de 2026, conforme a compara\u00e7\u00e3o realizada com os tr\u00eas meses antecedentes. O resultado oficial foi divulgado pelo Instituto Brasileiro de Geografia e Estat\u00edstica, evidenciando a din\u00e2mica recente do mercado nacional. O papel de destaque da agropecu\u00e1ria O principal [&hellip;]<\/p>\n","protected":false},"author":0,"featured_media":33189,"comment_status":"open","ping_status":"open","sticky":false,"template":"","format":"standard","meta":{"footnotes":""},"categories":[18],"tags":[],"class_list":["post-33181","post","type-post","status-publish","format-standard","has-post-thumbnail","hentry","category-parana"],"_links":{"self":[{"href":"https:\/\/acontecenafronteira.com.br\/index.php\/wp-json\/wp\/v2\/posts\/33181","targetHints":{"allow":["GET"]}}],"collection":[{"href":"https:\/\/acontecenafronteira.com.br\/index.php\/wp-json\/wp\/v2\/posts"}],"about":[{"href":"https:\/\/acontecenafronteira.com.br\/index.php\/wp-json\/wp\/v2\/types\/post"}],"replies":[{"embeddable":true,"href":"https:\/\/acontecenafronteira.com.br\/index.php\/wp-json\/wp\/v2\/comments?post=33181"}],"version-history":[{"count":1,"href":"https:\/\/acontecenafronteira.com.br\/index.php\/wp-json\/wp\/v2\/posts\/33181\/revisions"}],"predecessor-version":[{"id":33188,"href":"https:\/\/acontecenafronteira.com.br\/index.php\/wp-json\/wp\/v2\/posts\/33181\/revisions\/33188"}],"wp:featuredmedia":[{"embeddable":true,"href":"https:\/\/acontecenafronteira.com.br\/index.php\/wp-json\/wp\/v2\/media\/33189"}],"wp:attachment":[{"href":"https:\/\/acontecenafronteira.com.br\/index.php\/wp-json\/wp\/v2\/media?parent=33181"}],"wp:term":[{"taxonomy":"category","embeddable":true,"href":"https:\/\/acontecenafronteira.com.br\/index.php\/wp-json\/wp\/v2\/categories?post=33181"},{"taxonomy":"post_tag","embeddable":true,"href":"https:\/\/acontecenafronteira.com.br\/index.php\/wp-json\/wp\/v2\/tags?post=33181"}],"curies":[{"name":"wp","href":"https:\/\/api.w.org\/{rel}","templated":true}]}}