{"id":33180,"date":"2026-09-01T10:37:27","date_gmt":"2026-09-01T13:37:27","guid":{"rendered":"https:\/\/acontecenafronteira.com.br\/?p=33180"},"modified":"2026-09-01T10:37:27","modified_gmt":"2026-09-01T13:37:27","slug":"novo-estar-em-cascavel-regras-e-gratuidade-nesta-terca","status":"publish","type":"post","link":"https:\/\/acontecenafronteira.com.br\/index.php\/2026\/09\/01\/novo-estar-em-cascavel-regras-e-gratuidade-nesta-terca\/","title":{"rendered":"Novo EstaR em Cascavel: regras e gratuidade nesta ter\u00e7a"},"content":{"rendered":"<p>O tr\u00e2nsito e a rot Bairro do centro de Cascavel passam por transforma\u00e7\u00f5es significativas a partir desta ter\u00e7a-feira (1\u00ba), com a implementa\u00e7\u00e3o do novo formato do Estacionamento Regulamentado (EstaR). A mudan\u00e7a promete impactar a rotina de motoristas que utilizam as vagas p\u00fablicas da regi\u00e3o central diariamente.<\/p>\n<h2>Como funciona a gratuidade nas vagas<\/h2>\n<p>Um dos pontos que geram maior d\u00favida entre os condutores \u00e9 a perman\u00eancia do benef\u00edcio de tempo livre. As duas primeiras horas estacionadas nas vagas regulamentadas continuam sendo totalmente gratuitas para a popula\u00e7\u00e3o, mantendo a flexibilidade para quem precisa realizar compras ou resolver pend\u00eancias r\u00e1pidas.<\/p>\n<h2>Moderniza\u00e7\u00e3o e fiscaliza\u00e7\u00e3o do sistema<\/h2>\n<p>Al\u00e9m da gratuidade inicial, o projeto traz atualiza\u00e7\u00f5es tecnol\u00f3gicas importantes para otimizar a gest\u00e3o das vagas dispon\u00edveis. A fiscaliza\u00e7\u00e3o tamb\u00e9m passa a contar com novas ferramentas para garantir maior rotatividade no com\u00e9rcio local, beneficiando comerciantes e consumidores.<\/p>\n<p>Com essas altera\u00e7\u00f5es, a prefeitura busca solucionar antigos gargalos na mobilidade urbana e na oferta de espa\u00e7os para ve\u00edculos. A orienta\u00e7\u00e3o \u00e9 para que os motoristas fiquem atentos \u00e0 sinaliza\u00e7\u00e3o horizontal e vertical ao estacionar.<\/p>\n<p>Por Reda\u00e7\u00e3o Acontece<\/p>\n<p>Cr\u00e9ditos da imagem: Divulga\u00e7\u00e3o \/ Prefeitura de Cascavel<\/p>\n","protected":false},"excerpt":{"rendered":"<p>O tr\u00e2nsito e a rot Bairro do centro de Cascavel passam por transforma\u00e7\u00f5es significativas a partir desta ter\u00e7a-feira (1\u00ba), com a implementa\u00e7\u00e3o do novo formato do Estacionamento Regulamentado (EstaR). A mudan\u00e7a promete impactar a rotina de motoristas que utilizam as vagas p\u00fablicas da regi\u00e3o central diariamente. Como funciona a gratuidade nas vagas Um dos pontos [&hellip;]<\/p>\n","protected":false},"author":0,"featured_media":33187,"comment_status":"open","ping_status":"open","sticky":false,"template":"","format":"standard","meta":{"footnotes":""},"categories":[18],"tags":[],"class_list":["post-33180","post","type-post","status-publish","format-standard","has-post-thumbnail","hentry","category-parana"],"_links":{"self":[{"href":"https:\/\/acontecenafronteira.com.br\/index.php\/wp-json\/wp\/v2\/posts\/33180","targetHints":{"allow":["GET"]}}],"collection":[{"href":"https:\/\/acontecenafronteira.com.br\/index.php\/wp-json\/wp\/v2\/posts"}],"about":[{"href":"https:\/\/acontecenafronteira.com.br\/index.php\/wp-json\/wp\/v2\/types\/post"}],"replies":[{"embeddable":true,"href":"https:\/\/acontecenafronteira.com.br\/index.php\/wp-json\/wp\/v2\/comments?post=33180"}],"version-history":[{"count":1,"href":"https:\/\/acontecenafronteira.com.br\/index.php\/wp-json\/wp\/v2\/posts\/33180\/revisions"}],"predecessor-version":[{"id":33186,"href":"https:\/\/acontecenafronteira.com.br\/index.php\/wp-json\/wp\/v2\/posts\/33180\/revisions\/33186"}],"wp:featuredmedia":[{"embeddable":true,"href":"https:\/\/acontecenafronteira.com.br\/index.php\/wp-json\/wp\/v2\/media\/33187"}],"wp:attachment":[{"href":"https:\/\/acontecenafronteira.com.br\/index.php\/wp-json\/wp\/v2\/media?parent=33180"}],"wp:term":[{"taxonomy":"category","embeddable":true,"href":"https:\/\/acontecenafronteira.com.br\/index.php\/wp-json\/wp\/v2\/categories?post=33180"},{"taxonomy":"post_tag","embeddable":true,"href":"https:\/\/acontecenafronteira.com.br\/index.php\/wp-json\/wp\/v2\/tags?post=33180"}],"curies":[{"name":"wp","href":"https:\/\/api.w.org\/{rel}","templated":true}]}}