{"id":33179,"date":"2026-09-01T10:37:24","date_gmt":"2026-09-01T13:37:24","guid":{"rendered":"https:\/\/acontecenafronteira.com.br\/?p=33179"},"modified":"2026-09-01T10:37:24","modified_gmt":"2026-09-01T13:37:24","slug":"governo-retoma-imposto-de-12-sobre-petroleo-exportado","status":"publish","type":"post","link":"https:\/\/acontecenafronteira.com.br\/index.php\/2026\/09\/01\/governo-retoma-imposto-de-12-sobre-petroleo-exportado\/","title":{"rendered":"Governo retoma imposto de 12% sobre petr\u00f3leo exportado"},"content":{"rendered":"<p>O governo federal obteve uma vit\u00f3ria jur\u00eddica importante na noite de segunda-feira (31) ao conseguir derrubar a liminar que suspendia a cobran\u00e7a do imposto de 12% sobre a exporta\u00e7\u00e3o de petr\u00f3leo bruto. A decis\u00e3o anterior havia sido emitida pela 17\u00aa Vara Federal da Se\u00e7\u00e3o Judici\u00e1ria do Distrito Federal.<\/p>\n<h2>Impacto da decis\u00e3o na arrecada\u00e7\u00e3o<\/h2>\n<p>Com a queda da medida cautelar, a al\u00edquota sobre as vendas externas do \u00f3leo volta a valer integralmente. A retomada dessa taxa\u00e7\u00e3o \u00e9 considerada estrat\u00e9gica pela equipe econ\u00f4mica para refor\u00e7ar o caixa e cumprir as metas fiscais estabelecidas para o exerc\u00edcio atual.<\/p>\n<h2>Contexto da medida fiscal<\/h2>\n<p>A institui\u00e7\u00e3o da taxa sobre o \u00f3leo bruto gerou intensos debates no setor energ\u00e9tico desde o seu an\u00fancio, mobilizando empresas exportadoras e o governo em uma disputa nos tribunais que agora tem um novo cap\u00edtulo favor\u00e1vel \u00e0 administra\u00e7\u00e3o federal.<\/p>\n<p>As companhias do setor argumentavam que a cobran\u00e7a repentina feria a seguran\u00e7a jur\u00eddica e reduzia a competitividade do produto brasileiro no mercado internacional, enquanto o Executivo defendia a necessidade de compensar perdas de arrecada\u00e7\u00e3o.<\/p>\n<p>A expectativa do mercado \u00e9 de que novas movimenta\u00e7\u00f5es jur\u00eddicas ocorram nos pr\u00f3ximos dias, mas, por ora, a regra de taxa\u00e7\u00e3o de 12% permanece em vigor para todas as opera\u00e7\u00f5es de embarque do recurso com destino ao exterior.<\/p>\n<p>Por Reda\u00e7\u00e3o Acontece<\/p>\n<p>Cr\u00e9ditos da imagem: Divulga\u00e7\u00e3o \/ Ag\u00eancia Brasil<\/p>\n","protected":false},"excerpt":{"rendered":"<p>O governo federal obteve uma vit\u00f3ria jur\u00eddica importante na noite de segunda-feira (31) ao conseguir derrubar a liminar que suspendia a cobran\u00e7a do imposto de 12% sobre a exporta\u00e7\u00e3o de petr\u00f3leo bruto. A decis\u00e3o anterior havia sido emitida pela 17\u00aa Vara Federal da Se\u00e7\u00e3o Judici\u00e1ria do Distrito Federal. Impacto da decis\u00e3o na arrecada\u00e7\u00e3o Com a [&hellip;]<\/p>\n","protected":false},"author":0,"featured_media":33185,"comment_status":"open","ping_status":"open","sticky":false,"template":"","format":"standard","meta":{"footnotes":""},"categories":[18],"tags":[],"class_list":["post-33179","post","type-post","status-publish","format-standard","has-post-thumbnail","hentry","category-parana"],"_links":{"self":[{"href":"https:\/\/acontecenafronteira.com.br\/index.php\/wp-json\/wp\/v2\/posts\/33179","targetHints":{"allow":["GET"]}}],"collection":[{"href":"https:\/\/acontecenafronteira.com.br\/index.php\/wp-json\/wp\/v2\/posts"}],"about":[{"href":"https:\/\/acontecenafronteira.com.br\/index.php\/wp-json\/wp\/v2\/types\/post"}],"replies":[{"embeddable":true,"href":"https:\/\/acontecenafronteira.com.br\/index.php\/wp-json\/wp\/v2\/comments?post=33179"}],"version-history":[{"count":1,"href":"https:\/\/acontecenafronteira.com.br\/index.php\/wp-json\/wp\/v2\/posts\/33179\/revisions"}],"predecessor-version":[{"id":33184,"href":"https:\/\/acontecenafronteira.com.br\/index.php\/wp-json\/wp\/v2\/posts\/33179\/revisions\/33184"}],"wp:featuredmedia":[{"embeddable":true,"href":"https:\/\/acontecenafronteira.com.br\/index.php\/wp-json\/wp\/v2\/media\/33185"}],"wp:attachment":[{"href":"https:\/\/acontecenafronteira.com.br\/index.php\/wp-json\/wp\/v2\/media?parent=33179"}],"wp:term":[{"taxonomy":"category","embeddable":true,"href":"https:\/\/acontecenafronteira.com.br\/index.php\/wp-json\/wp\/v2\/categories?post=33179"},{"taxonomy":"post_tag","embeddable":true,"href":"https:\/\/acontecenafronteira.com.br\/index.php\/wp-json\/wp\/v2\/tags?post=33179"}],"curies":[{"name":"wp","href":"https:\/\/api.w.org\/{rel}","templated":true}]}}