{"id":33178,"date":"2026-09-01T10:37:11","date_gmt":"2026-09-01T13:37:11","guid":{"rendered":"https:\/\/acontecenafronteira.com.br\/?p=33178"},"modified":"2026-09-01T10:37:11","modified_gmt":"2026-09-01T13:37:11","slug":"mppr-viabiliza-primeira-casa-lar-para-menores-em-pitangueiras","status":"publish","type":"post","link":"https:\/\/acontecenafronteira.com.br\/index.php\/2026\/09\/01\/mppr-viabiliza-primeira-casa-lar-para-menores-em-pitangueiras\/","title":{"rendered":"MPPR viabiliza primeira Casa-Lar para menores em Pitangueiras"},"content":{"rendered":"<p>O Minist\u00e9rio P\u00fablico do Paran\u00e1 (MPPR) teve um papel decisivo na instala\u00e7\u00e3o do primeiro Servi\u00e7o de Acolhimento Institucional na modalidade Casa-Lar em Pitangueiras, garantindo prote\u00e7\u00e3o a menores em situa\u00e7\u00e3o de vulnerabilidade.<\/p>\n<h2>A atua\u00e7\u00e3o do Minist\u00e9rio P\u00fablico<\/h2>\n<p>A iniciativa foi impulsionada por recomenda\u00e7\u00f5es e cobran\u00e7as da Promotoria de Justi\u00e7a local junto \u00e0 gest\u00e3o municipal. O objetivo principal \u00e9 assegurar que crian\u00e7as e adolescentes afastados do conv\u00edvio familiar recebam atendimento humanizado em um ambiente que simule uma resid\u00eancia convencional, conforme determinam as diretrizes do Estatuto da Crian\u00e7a e do Adolescente (ECA).<\/p>\n<h2>Estrutura e funcionamento do local<\/h2>\n<p>O novo espa\u00e7o conta com equipe multidisciplinar capacitada para oferecer suporte emocional, educacional e de sa\u00fade aos acolhidos. A estrutura foi planejada para romper com o modelo tradicional de grandes abrigos institucionais, apostando em um formato mais acolhedor e integrativo.<\/p>\n<p>Com a inaugura\u00e7\u00e3o desta unidade, o munic\u00edpio passa a cumprir uma demanda hist\u00f3rica na \u00e1rea de assist\u00eancia social, evitando que jovens em situa\u00e7\u00e3o de risco precisem ser encaminhados para cidades vizinhas.<\/p>\n<p>A medida representa um avan\u00e7o significativo na garantia dos direitos fundamentais da inf\u00e2ncia e da juventude na regi\u00e3o, fortalecendo a rede de prote\u00e7\u00e3o local.<\/p>\n<p>Por Reda\u00e7\u00e3o Acontece<\/p>\n<p>Cr\u00e9ditos da imagem: Divulga\u00e7\u00e3o \/ MPPR<\/p>\n","protected":false},"excerpt":{"rendered":"<p>O Minist\u00e9rio P\u00fablico do Paran\u00e1 (MPPR) teve um papel decisivo na instala\u00e7\u00e3o do primeiro Servi\u00e7o de Acolhimento Institucional na modalidade Casa-Lar em Pitangueiras, garantindo prote\u00e7\u00e3o a menores em situa\u00e7\u00e3o de vulnerabilidade. A atua\u00e7\u00e3o do Minist\u00e9rio P\u00fablico A iniciativa foi impulsionada por recomenda\u00e7\u00f5es e cobran\u00e7as da Promotoria de Justi\u00e7a local junto \u00e0 gest\u00e3o municipal. O objetivo [&hellip;]<\/p>\n","protected":false},"author":0,"featured_media":33183,"comment_status":"open","ping_status":"open","sticky":false,"template":"","format":"standard","meta":{"footnotes":""},"categories":[18],"tags":[],"class_list":["post-33178","post","type-post","status-publish","format-standard","has-post-thumbnail","hentry","category-parana"],"_links":{"self":[{"href":"https:\/\/acontecenafronteira.com.br\/index.php\/wp-json\/wp\/v2\/posts\/33178","targetHints":{"allow":["GET"]}}],"collection":[{"href":"https:\/\/acontecenafronteira.com.br\/index.php\/wp-json\/wp\/v2\/posts"}],"about":[{"href":"https:\/\/acontecenafronteira.com.br\/index.php\/wp-json\/wp\/v2\/types\/post"}],"replies":[{"embeddable":true,"href":"https:\/\/acontecenafronteira.com.br\/index.php\/wp-json\/wp\/v2\/comments?post=33178"}],"version-history":[{"count":1,"href":"https:\/\/acontecenafronteira.com.br\/index.php\/wp-json\/wp\/v2\/posts\/33178\/revisions"}],"predecessor-version":[{"id":33182,"href":"https:\/\/acontecenafronteira.com.br\/index.php\/wp-json\/wp\/v2\/posts\/33178\/revisions\/33182"}],"wp:featuredmedia":[{"embeddable":true,"href":"https:\/\/acontecenafronteira.com.br\/index.php\/wp-json\/wp\/v2\/media\/33183"}],"wp:attachment":[{"href":"https:\/\/acontecenafronteira.com.br\/index.php\/wp-json\/wp\/v2\/media?parent=33178"}],"wp:term":[{"taxonomy":"category","embeddable":true,"href":"https:\/\/acontecenafronteira.com.br\/index.php\/wp-json\/wp\/v2\/categories?post=33178"},{"taxonomy":"post_tag","embeddable":true,"href":"https:\/\/acontecenafronteira.com.br\/index.php\/wp-json\/wp\/v2\/tags?post=33178"}],"curies":[{"name":"wp","href":"https:\/\/api.w.org\/{rel}","templated":true}]}}