{"id":33165,"date":"2026-09-01T10:36:27","date_gmt":"2026-09-01T13:36:27","guid":{"rendered":"https:\/\/acontecenafronteira.com.br\/?p=33165"},"modified":"2026-09-01T10:36:27","modified_gmt":"2026-09-01T13:36:27","slug":"carta-das-fronteiras-guia-para-o-desenvolvimento-regional","status":"publish","type":"post","link":"https:\/\/acontecenafronteira.com.br\/index.php\/2026\/09\/01\/carta-das-fronteiras-guia-para-o-desenvolvimento-regional\/","title":{"rendered":"Carta das Fronteiras: guia para o desenvolvimento regional"},"content":{"rendered":"<p>Um novo documento estrat\u00e9gico focado no fortalecimento socioecon\u00f4mico de \u00e1reas internacionais foi oficialmente estabelecido na regi\u00e3o que conecta o Paran\u00e1, Santa Catarina e a Argentina.<\/p>\n<h2>Desafios e propostas para a regi\u00e3o<\/h2>\n<p>Criado durante um importante encontro realizado na divisa entre Barrac\u00e3o (PR), Dion\u00edsio Cerqueira (SC) e a cidade argentina de Bernardo de Irigoyen, o texto re\u00fane diretrizes essenciais para impulsionar a integra\u00e7\u00e3o territorial.<\/p>\n<h3>Foco em pequenos neg\u00f3cios<\/h3>\n<p>O material funciona como um mapeamento estrat\u00e9gico que detalha os principais obst\u00e1culos enfrentados pelas comunidades locais, oferecendo solu\u00e7\u00f5es pr\u00e1ticas para impulsionar a economia regional e melhorar a governan\u00e7a p\u00fablica.<\/p>\n<p>A iniciativa busca consolidar parcerias transfronteiri\u00e7as, facilitando o crescimento de empreendimentos de menor porte e otimizando a gest\u00e3o administrativa dos munic\u00edpios envolvidos na faixa de fronteira.<\/p>\n<p>Com diretrizes claras e metas bem definidas, o documento serve como base para gestores p\u00fablicos e lideran\u00e7as empresariais que buscam transformar o potencial da regi\u00e3o em desenvolvimento sustent\u00e1vel a longo prazo.<\/p>\n<p>Por Reda\u00e7\u00e3o Acontece<\/p>\n<p>Cr\u00e9ditos da imagem: Divulga\u00e7\u00e3o<\/p>\n","protected":false},"excerpt":{"rendered":"<p>Um novo documento estrat\u00e9gico focado no fortalecimento socioecon\u00f4mico de \u00e1reas internacionais foi oficialmente estabelecido na regi\u00e3o que conecta o Paran\u00e1, Santa Catarina e a Argentina. Desafios e propostas para a regi\u00e3o Criado durante um importante encontro realizado na divisa entre Barrac\u00e3o (PR), Dion\u00edsio Cerqueira (SC) e a cidade argentina de Bernardo de Irigoyen, o texto [&hellip;]<\/p>\n","protected":false},"author":0,"featured_media":33169,"comment_status":"open","ping_status":"open","sticky":false,"template":"","format":"standard","meta":{"footnotes":""},"categories":[4],"tags":[],"class_list":["post-33165","post","type-post","status-publish","format-standard","has-post-thumbnail","hentry","category-cidade"],"_links":{"self":[{"href":"https:\/\/acontecenafronteira.com.br\/index.php\/wp-json\/wp\/v2\/posts\/33165","targetHints":{"allow":["GET"]}}],"collection":[{"href":"https:\/\/acontecenafronteira.com.br\/index.php\/wp-json\/wp\/v2\/posts"}],"about":[{"href":"https:\/\/acontecenafronteira.com.br\/index.php\/wp-json\/wp\/v2\/types\/post"}],"replies":[{"embeddable":true,"href":"https:\/\/acontecenafronteira.com.br\/index.php\/wp-json\/wp\/v2\/comments?post=33165"}],"version-history":[{"count":1,"href":"https:\/\/acontecenafronteira.com.br\/index.php\/wp-json\/wp\/v2\/posts\/33165\/revisions"}],"predecessor-version":[{"id":33168,"href":"https:\/\/acontecenafronteira.com.br\/index.php\/wp-json\/wp\/v2\/posts\/33165\/revisions\/33168"}],"wp:featuredmedia":[{"embeddable":true,"href":"https:\/\/acontecenafronteira.com.br\/index.php\/wp-json\/wp\/v2\/media\/33169"}],"wp:attachment":[{"href":"https:\/\/acontecenafronteira.com.br\/index.php\/wp-json\/wp\/v2\/media?parent=33165"}],"wp:term":[{"taxonomy":"category","embeddable":true,"href":"https:\/\/acontecenafronteira.com.br\/index.php\/wp-json\/wp\/v2\/categories?post=33165"},{"taxonomy":"post_tag","embeddable":true,"href":"https:\/\/acontecenafronteira.com.br\/index.php\/wp-json\/wp\/v2\/tags?post=33165"}],"curies":[{"name":"wp","href":"https:\/\/api.w.org\/{rel}","templated":true}]}}