{"id":33151,"date":"2026-09-01T09:37:17","date_gmt":"2026-09-01T12:37:17","guid":{"rendered":"https:\/\/acontecenafronteira.com.br\/?p=33151"},"modified":"2026-09-01T09:37:17","modified_gmt":"2026-09-01T12:37:17","slug":"briga-na-camara-presidente-agride-vereador-em-sao-jorge-do-ivai","status":"publish","type":"post","link":"https:\/\/acontecenafronteira.com.br\/index.php\/2026\/09\/01\/briga-na-camara-presidente-agride-vereador-em-sao-jorge-do-ivai\/","title":{"rendered":"Briga na C\u00e2mara: presidente agride vereador em S\u00e3o Jorge do Iva\u00ed"},"content":{"rendered":"<p>Uma sess\u00e3o da C\u00e2mara Municipal de S\u00e3o Jorge do Iva\u00ed, localizada no Noroeste do Paran\u00e1, foi interrompida por uma violenta confus\u00e3o na noite da \u00faltima segunda-feira (31), quando o chefe do Legislativo municipal partiu para cima de um parlamentar durante os trabalhos.<\/p>\n<h2>O in\u00edcio da confus\u00e3o no plen\u00e1rio<\/h2>\n<p>O desentendimento come\u00e7ou a escalar rapidamente entre os pol\u00edticos presentes, culminando em agress\u00f5es f\u00edsicas que transformaram o plen\u00e1rio em um verdadeiro ringue de luta diante dos cidad\u00e3os e servidores que acompanhavam os debates.<\/p>\n<h2>Repercuss\u00e3o do caso no Paran\u00e1<\/h2>\n<p>A cena gerou forte repercuss\u00e3o na regi\u00e3o noroeste paranaense, chamando a aten\u00e7\u00e3o para a escalada de \u00e2nimos entre autoridades p\u00fablicas em ambientes institucionais que deveriam prezar pelo di\u00e1logo e pela democracia.<\/p>\n<p>At\u00e9 o momento, medidas oficiais sobre o comportamento dos envolvidos ainda est\u00e3o sendo avaliadas pelas comiss\u00f5es competentes da Casa de leis.<\/p>\n<p>O epis\u00f3dio lament\u00e1vel evidencia a tens\u00e3o pol\u00edtica vivida no munic\u00edpio e reacende o debate sobre a necessidade de decoro parlamentar nas sess\u00f5es legislativas de todo o pa\u00eds.<\/p>\n<p>Por Reda\u00e7\u00e3o Acontece<\/p>\n<p>Cr\u00e9ditos da imagem: Reprodu\u00e7\u00e3o \/ Redes Sociais<\/p>\n","protected":false},"excerpt":{"rendered":"<p>Uma sess\u00e3o da C\u00e2mara Municipal de S\u00e3o Jorge do Iva\u00ed, localizada no Noroeste do Paran\u00e1, foi interrompida por uma violenta confus\u00e3o na noite da \u00faltima segunda-feira (31), quando o chefe do Legislativo municipal partiu para cima de um parlamentar durante os trabalhos. O in\u00edcio da confus\u00e3o no plen\u00e1rio O desentendimento come\u00e7ou a escalar rapidamente entre [&hellip;]<\/p>\n","protected":false},"author":0,"featured_media":33157,"comment_status":"open","ping_status":"open","sticky":false,"template":"","format":"standard","meta":{"footnotes":""},"categories":[18],"tags":[],"class_list":["post-33151","post","type-post","status-publish","format-standard","has-post-thumbnail","hentry","category-parana"],"_links":{"self":[{"href":"https:\/\/acontecenafronteira.com.br\/index.php\/wp-json\/wp\/v2\/posts\/33151","targetHints":{"allow":["GET"]}}],"collection":[{"href":"https:\/\/acontecenafronteira.com.br\/index.php\/wp-json\/wp\/v2\/posts"}],"about":[{"href":"https:\/\/acontecenafronteira.com.br\/index.php\/wp-json\/wp\/v2\/types\/post"}],"replies":[{"embeddable":true,"href":"https:\/\/acontecenafronteira.com.br\/index.php\/wp-json\/wp\/v2\/comments?post=33151"}],"version-history":[{"count":1,"href":"https:\/\/acontecenafronteira.com.br\/index.php\/wp-json\/wp\/v2\/posts\/33151\/revisions"}],"predecessor-version":[{"id":33156,"href":"https:\/\/acontecenafronteira.com.br\/index.php\/wp-json\/wp\/v2\/posts\/33151\/revisions\/33156"}],"wp:featuredmedia":[{"embeddable":true,"href":"https:\/\/acontecenafronteira.com.br\/index.php\/wp-json\/wp\/v2\/media\/33157"}],"wp:attachment":[{"href":"https:\/\/acontecenafronteira.com.br\/index.php\/wp-json\/wp\/v2\/media?parent=33151"}],"wp:term":[{"taxonomy":"category","embeddable":true,"href":"https:\/\/acontecenafronteira.com.br\/index.php\/wp-json\/wp\/v2\/categories?post=33151"},{"taxonomy":"post_tag","embeddable":true,"href":"https:\/\/acontecenafronteira.com.br\/index.php\/wp-json\/wp\/v2\/tags?post=33151"}],"curies":[{"name":"wp","href":"https:\/\/api.w.org\/{rel}","templated":true}]}}