{"id":33150,"date":"2026-09-01T09:37:13","date_gmt":"2026-09-01T12:37:13","guid":{"rendered":"https:\/\/acontecenafronteira.com.br\/?p=33150"},"modified":"2026-09-01T09:37:13","modified_gmt":"2026-09-01T12:37:13","slug":"dirlete-pinheiro-e-a-grande-aposta-do-pl-no-parana","status":"publish","type":"post","link":"https:\/\/acontecenafronteira.com.br\/index.php\/2026\/09\/01\/dirlete-pinheiro-e-a-grande-aposta-do-pl-no-parana\/","title":{"rendered":"Dirlete Pinheiro \u00e9 a grande aposta do PL no Paran\u00e1"},"content":{"rendered":"<p>A empres\u00e1ria Dirlete Pinheiro, filiada ao Partido Liberal, surge como um dos principais nomes da legenda no Paran\u00e1 para a disputa de vagas na Assembleia Legislativa nas pr\u00f3ximas elei\u00e7\u00f5es.<\/p>\n<h2>Trajet\u00f3ria no setor empresarial<\/h2>\n<p>Com uma s\u00f3lida carreira no mundo dos neg\u00f3cios, Dirlete traz para a pol\u00edtica uma bagagem focada em gest\u00e3o e desenvolvimento econ\u00f4mico, pilares que sustentam sua pr\u00e9-candidatura pela sigla.<\/p>\n<h2>Estrat\u00e9gia eleitoral do Partido Liberal<\/h2>\n<p>A inclus\u00e3o da empres\u00e1ria na chapa fortalece os planos da legenda no estado, ampliando a competitividade do partido na corrida por cadeiras no legislativo paranaense.<\/p>\n<p>Expectativa de renova\u00e7\u00e3o pol\u00edtica na regi\u00e3o.<\/p>\n<p>A campanha pretende focar em propostas voltadas para o empreendedorismo e desburocratiza\u00e7\u00e3o, atraindo eleitores que buscam novas alternativas na pol\u00edtica tradicional.<\/p>\n<p>Articula\u00e7\u00f5es partid\u00e1rias continuam a todo vapor.<\/p>\n<p>Lideran\u00e7as estaduais avaliam que o perfil de Dirlete atrai importantes segmentos produtivos, consolidando o nome dela como uma das principais apostas para o pleito.<\/p>\n<p>Por Reda\u00e7\u00e3o Acontece<\/p>\n<p>Cr\u00e9ditos da imagem: Divulga\u00e7\u00e3o\/PL<\/p>\n","protected":false},"excerpt":{"rendered":"<p>A empres\u00e1ria Dirlete Pinheiro, filiada ao Partido Liberal, surge como um dos principais nomes da legenda no Paran\u00e1 para a disputa de vagas na Assembleia Legislativa nas pr\u00f3ximas elei\u00e7\u00f5es. Trajet\u00f3ria no setor empresarial Com uma s\u00f3lida carreira no mundo dos neg\u00f3cios, Dirlete traz para a pol\u00edtica uma bagagem focada em gest\u00e3o e desenvolvimento econ\u00f4mico, pilares [&hellip;]<\/p>\n","protected":false},"author":0,"featured_media":33155,"comment_status":"open","ping_status":"open","sticky":false,"template":"","format":"standard","meta":{"footnotes":""},"categories":[18],"tags":[],"class_list":["post-33150","post","type-post","status-publish","format-standard","has-post-thumbnail","hentry","category-parana"],"_links":{"self":[{"href":"https:\/\/acontecenafronteira.com.br\/index.php\/wp-json\/wp\/v2\/posts\/33150","targetHints":{"allow":["GET"]}}],"collection":[{"href":"https:\/\/acontecenafronteira.com.br\/index.php\/wp-json\/wp\/v2\/posts"}],"about":[{"href":"https:\/\/acontecenafronteira.com.br\/index.php\/wp-json\/wp\/v2\/types\/post"}],"replies":[{"embeddable":true,"href":"https:\/\/acontecenafronteira.com.br\/index.php\/wp-json\/wp\/v2\/comments?post=33150"}],"version-history":[{"count":1,"href":"https:\/\/acontecenafronteira.com.br\/index.php\/wp-json\/wp\/v2\/posts\/33150\/revisions"}],"predecessor-version":[{"id":33154,"href":"https:\/\/acontecenafronteira.com.br\/index.php\/wp-json\/wp\/v2\/posts\/33150\/revisions\/33154"}],"wp:featuredmedia":[{"embeddable":true,"href":"https:\/\/acontecenafronteira.com.br\/index.php\/wp-json\/wp\/v2\/media\/33155"}],"wp:attachment":[{"href":"https:\/\/acontecenafronteira.com.br\/index.php\/wp-json\/wp\/v2\/media?parent=33150"}],"wp:term":[{"taxonomy":"category","embeddable":true,"href":"https:\/\/acontecenafronteira.com.br\/index.php\/wp-json\/wp\/v2\/categories?post=33150"},{"taxonomy":"post_tag","embeddable":true,"href":"https:\/\/acontecenafronteira.com.br\/index.php\/wp-json\/wp\/v2\/tags?post=33150"}],"curies":[{"name":"wp","href":"https:\/\/api.w.org\/{rel}","templated":true}]}}