{"id":33118,"date":"2026-09-01T08:36:45","date_gmt":"2026-09-01T11:36:45","guid":{"rendered":"https:\/\/acontecenafronteira.com.br\/?p=33118"},"modified":"2026-09-01T08:36:45","modified_gmt":"2026-09-01T11:36:45","slug":"coritiba-bate-o-remo-de-virada-e-entra-no-g7-da-serie-b","status":"publish","type":"post","link":"https:\/\/acontecenafronteira.com.br\/index.php\/2026\/09\/01\/coritiba-bate-o-remo-de-virada-e-entra-no-g7-da-serie-b\/","title":{"rendered":"Coritiba bate o Remo de virada e entra no G7 da S\u00e9rie B"},"content":{"rendered":"<p>O Coritiba garantiu um resultado expressivo na noite desta segunda-feira (31) ao derrotar o Remo por 3 a 2, de virada, em partida v\u00e1lida pela 25\u00aa rodada do Campeonato Brasileiro da S\u00e9rie B, disputada no est\u00e1dio Mangueir\u00e3o, na capital paraense.<\/p>\n<h2>A virada emocionante no Mangueir\u00e3o<\/h2>\n<p>O confronto em Bel\u00e9m foi marcado por muita intensidade e altera\u00e7\u00e3o no placar, refletindo a import\u00e2ncia da reta decisiva da competi\u00e7\u00e3o para as pretens\u00f5es de ambas as equipes na tabela de classifica\u00e7\u00e3o.<\/p>\n<h2>Salto na tabela de classifica\u00e7\u00e3o<\/h2>\n<p>Com o triunfo conquistado longe de seus dom\u00ednios, o time paranaense somou pontos fundamentais e alcan\u00e7ou a s\u00e9tima coloca\u00e7\u00e3o do torneio nacional, ganhando f\u00f4lego na briga pelos primeiros lugares.<\/p>\n<p>O desempenho fora de casa evidenciou a capacidade de rea\u00e7\u00e3o da equipe, que soube superar a desvantagem inicial para construir o placar vitorioso at\u00e9 o apito final.<\/p>\n<p>A campanha segue em ritmo acelerado e o resultado positivo injeta \u00e2nimo renovado no grupo para os pr\u00f3ximos compromissos da temporada oficial.<\/p>\n<p>Por Reda\u00e7\u00e3o Acontece<\/p>\n<p>Cr\u00e9ditos da imagem: Divulga\u00e7\u00e3o \/ Coritiba<\/p>\n","protected":false},"excerpt":{"rendered":"<p>O Coritiba garantiu um resultado expressivo na noite desta segunda-feira (31) ao derrotar o Remo por 3 a 2, de virada, em partida v\u00e1lida pela 25\u00aa rodada do Campeonato Brasileiro da S\u00e9rie B, disputada no est\u00e1dio Mangueir\u00e3o, na capital paraense. A virada emocionante no Mangueir\u00e3o O confronto em Bel\u00e9m foi marcado por muita intensidade e [&hellip;]<\/p>\n","protected":false},"author":0,"featured_media":33125,"comment_status":"open","ping_status":"open","sticky":false,"template":"","format":"standard","meta":{"footnotes":""},"categories":[18],"tags":[],"class_list":["post-33118","post","type-post","status-publish","format-standard","has-post-thumbnail","hentry","category-parana"],"_links":{"self":[{"href":"https:\/\/acontecenafronteira.com.br\/index.php\/wp-json\/wp\/v2\/posts\/33118","targetHints":{"allow":["GET"]}}],"collection":[{"href":"https:\/\/acontecenafronteira.com.br\/index.php\/wp-json\/wp\/v2\/posts"}],"about":[{"href":"https:\/\/acontecenafronteira.com.br\/index.php\/wp-json\/wp\/v2\/types\/post"}],"replies":[{"embeddable":true,"href":"https:\/\/acontecenafronteira.com.br\/index.php\/wp-json\/wp\/v2\/comments?post=33118"}],"version-history":[{"count":1,"href":"https:\/\/acontecenafronteira.com.br\/index.php\/wp-json\/wp\/v2\/posts\/33118\/revisions"}],"predecessor-version":[{"id":33124,"href":"https:\/\/acontecenafronteira.com.br\/index.php\/wp-json\/wp\/v2\/posts\/33118\/revisions\/33124"}],"wp:featuredmedia":[{"embeddable":true,"href":"https:\/\/acontecenafronteira.com.br\/index.php\/wp-json\/wp\/v2\/media\/33125"}],"wp:attachment":[{"href":"https:\/\/acontecenafronteira.com.br\/index.php\/wp-json\/wp\/v2\/media?parent=33118"}],"wp:term":[{"taxonomy":"category","embeddable":true,"href":"https:\/\/acontecenafronteira.com.br\/index.php\/wp-json\/wp\/v2\/categories?post=33118"},{"taxonomy":"post_tag","embeddable":true,"href":"https:\/\/acontecenafronteira.com.br\/index.php\/wp-json\/wp\/v2\/tags?post=33118"}],"curies":[{"name":"wp","href":"https:\/\/api.w.org\/{rel}","templated":true}]}}