{"id":33117,"date":"2026-09-01T08:36:42","date_gmt":"2026-09-01T11:36:42","guid":{"rendered":"https:\/\/acontecenafronteira.com.br\/?p=33117"},"modified":"2026-09-01T08:36:42","modified_gmt":"2026-09-01T11:36:42","slug":"governo-do-pr-divulga-balanco-do-olho-vivo-apos-bloqueio-no-tce","status":"publish","type":"post","link":"https:\/\/acontecenafronteira.com.br\/index.php\/2026\/09\/01\/governo-do-pr-divulga-balanco-do-olho-vivo-apos-bloqueio-no-tce\/","title":{"rendered":"Governo do PR divulga balan\u00e7o do Olho Vivo ap\u00f3s bloqueio no TCE"},"content":{"rendered":"<p>O governo do Paran\u00e1 veio a p\u00fablico apresentar os dados e os impactos gerados pelo programa Olho Vivo. A divulga\u00e7\u00e3o ocorre bem no momento em que o Estado enfrenta barreiras impostas pelo Tribunal de Contas para ampliar a rede de c\u00e2meras.<\/p>\n<h2>O avan\u00e7o do videomonitoramento estadual<\/h2>\n<p>De acordo com as informa\u00e7\u00f5es oficiais, a iniciativa tem desempenhado um papel fundamental na estrat\u00e9gia de seguran\u00e7a p\u00fablica. O sistema integra diversas tecnologias para auxiliar as for\u00e7as policiais no combate \u00e0 criminalidade em diferentes regi\u00f5es paranaenses.<\/p>\n<h2>A decis\u00e3o do Tribunal de Contas<\/h2>\n<p>Enquanto os n\u00fameros positivos s\u00e3o apresentados \u00e0 popula\u00e7\u00e3o, o andamento do projeto sofreu um rev\u00e9s significativo. O TCE-PR determinou a suspens\u00e3o tempor\u00e1ria de um contrato milion\u00e1rio que previa a amplia\u00e7\u00e3o dr\u00e1stica da cobertura tecnol\u00f3gica.<\/p>\n<h3>Os motivos do embargo<\/h3>\n<p>Os \u00f3rg\u00e3os de controle fiscal apontaram a necessidade de maior transpar\u00eancia e rigor nos processos licitat\u00f3rios. A interrup\u00e7\u00e3o busca garantir que os recursos p\u00fablicos sejam aplicados com total conformidade legal e m\u00e1xima efici\u00eancia econ\u00f4mica.<\/p>\n<p>As autoridades estaduais agora trabalham para esclarecer as d\u00favidas levantadas pelo tribunal. O objetivo \u00e9 destravar os investimentos previstos e assegurar a continuidade das melhorias na infraestrutura de monitoramento urbano.<\/p>\n<p>Por Reda\u00e7\u00e3o Acontece<\/p>\n<p>Cr\u00e9ditos da imagem: Divulga\u00e7\u00e3o \/ Governo do Paran\u00e1<\/p>\n","protected":false},"excerpt":{"rendered":"<p>O governo do Paran\u00e1 veio a p\u00fablico apresentar os dados e os impactos gerados pelo programa Olho Vivo. A divulga\u00e7\u00e3o ocorre bem no momento em que o Estado enfrenta barreiras impostas pelo Tribunal de Contas para ampliar a rede de c\u00e2meras. O avan\u00e7o do videomonitoramento estadual De acordo com as informa\u00e7\u00f5es oficiais, a iniciativa tem [&hellip;]<\/p>\n","protected":false},"author":0,"featured_media":33123,"comment_status":"open","ping_status":"open","sticky":false,"template":"","format":"standard","meta":{"footnotes":""},"categories":[18],"tags":[],"class_list":["post-33117","post","type-post","status-publish","format-standard","has-post-thumbnail","hentry","category-parana"],"_links":{"self":[{"href":"https:\/\/acontecenafronteira.com.br\/index.php\/wp-json\/wp\/v2\/posts\/33117","targetHints":{"allow":["GET"]}}],"collection":[{"href":"https:\/\/acontecenafronteira.com.br\/index.php\/wp-json\/wp\/v2\/posts"}],"about":[{"href":"https:\/\/acontecenafronteira.com.br\/index.php\/wp-json\/wp\/v2\/types\/post"}],"replies":[{"embeddable":true,"href":"https:\/\/acontecenafronteira.com.br\/index.php\/wp-json\/wp\/v2\/comments?post=33117"}],"version-history":[{"count":1,"href":"https:\/\/acontecenafronteira.com.br\/index.php\/wp-json\/wp\/v2\/posts\/33117\/revisions"}],"predecessor-version":[{"id":33122,"href":"https:\/\/acontecenafronteira.com.br\/index.php\/wp-json\/wp\/v2\/posts\/33117\/revisions\/33122"}],"wp:featuredmedia":[{"embeddable":true,"href":"https:\/\/acontecenafronteira.com.br\/index.php\/wp-json\/wp\/v2\/media\/33123"}],"wp:attachment":[{"href":"https:\/\/acontecenafronteira.com.br\/index.php\/wp-json\/wp\/v2\/media?parent=33117"}],"wp:term":[{"taxonomy":"category","embeddable":true,"href":"https:\/\/acontecenafronteira.com.br\/index.php\/wp-json\/wp\/v2\/categories?post=33117"},{"taxonomy":"post_tag","embeddable":true,"href":"https:\/\/acontecenafronteira.com.br\/index.php\/wp-json\/wp\/v2\/tags?post=33117"}],"curies":[{"name":"wp","href":"https:\/\/api.w.org\/{rel}","templated":true}]}}