{"id":33116,"date":"2026-09-01T08:36:38","date_gmt":"2026-09-01T11:36:38","guid":{"rendered":"https:\/\/acontecenafronteira.com.br\/?p=33116"},"modified":"2026-09-01T08:36:38","modified_gmt":"2026-09-01T11:36:38","slug":"operario-pr-empata-com-fortaleza-fora-de-casa-na-serie-b","status":"publish","type":"post","link":"https:\/\/acontecenafronteira.com.br\/index.php\/2026\/09\/01\/operario-pr-empata-com-fortaleza-fora-de-casa-na-serie-b\/","title":{"rendered":"Oper\u00e1rio-PR empata com Fortaleza fora de casa na S\u00e9rie B"},"content":{"rendered":"<p>O Oper\u00e1rio-PR arrancou um empate importante de 1 a 1 contra o Fortaleza na noite desta segunda-feira, atuando no est\u00e1dio Castel\u00e3o, em partida v\u00e1lida pela 25\u00aa rodada da S\u00e9rie B do Campeonato Brasileiro. A equipe paranaense precisou suportar uma forte press\u00e3o dos donos da casa para garantir o resultado positivo longe de seus dom\u00ednios.<\/p>\n<h2>Como foi a partida no Castel\u00e3o<\/h2>\n<p>O time conhecido como <strong>Fantasma<\/strong> acabou saindo atr\u00e1s no marcador durante o confronto, mas demonstrou poder de rea\u00e7\u00e3o para igualar o escore. O embate foi marcado por momentos de intensa press\u00e3o do clube cearense, especialmente na etapa complementar, exigindo grande esfor\u00e7o defensivo dos visitantes.<\/p>\n<h3>A campanha na S\u00e9rie B<\/h3>\n<p>Com este resultado conquistado em solo nordestino, o conjunto paranaense soma pontos preciosos na tabela de classifica\u00e7\u00e3o da <strong>S\u00e9rie B do Campeonato Brasileiro<\/strong>. A estrat\u00e9gia defensiva adotada na reta final da partida foi fundamental para segurar o \u00edmpeto ofensivo do advers\u00e1rio e garantir o empate fora de casa.<\/p>\n<p>O compromisso no Castel\u00e3o evidenciou as dificuldades que o clube enfrenta nesta fase da competi\u00e7\u00e3o nacional, mas tamb\u00e9m destacou a resili\u00eancia do grupo comandado pela comiss\u00e3o t\u00e9cnica. A torcida agora volta suas aten\u00e7\u00f5es para o pr\u00f3ximo desafio no torneio.<\/p>\n<p>A prepara\u00e7\u00e3o para os pr\u00f3ximos confrontos da temporada segue intensa, com foco em manter a regularidade na segunda divis\u00e3o do <strong>futebol brasileiro<\/strong>.<\/p>\n<p>Por Reda\u00e7\u00e3o Acontece<\/p>\n<p>Cr\u00e9ditos da imagem: Divulga\u00e7\u00e3o\/Oper\u00e1rio-PR<\/p>\n","protected":false},"excerpt":{"rendered":"<p>O Oper\u00e1rio-PR arrancou um empate importante de 1 a 1 contra o Fortaleza na noite desta segunda-feira, atuando no est\u00e1dio Castel\u00e3o, em partida v\u00e1lida pela 25\u00aa rodada da S\u00e9rie B do Campeonato Brasileiro. A equipe paranaense precisou suportar uma forte press\u00e3o dos donos da casa para garantir o resultado positivo longe de seus dom\u00ednios. Como [&hellip;]<\/p>\n","protected":false},"author":0,"featured_media":33121,"comment_status":"open","ping_status":"open","sticky":false,"template":"","format":"standard","meta":{"footnotes":""},"categories":[18],"tags":[],"class_list":["post-33116","post","type-post","status-publish","format-standard","has-post-thumbnail","hentry","category-parana"],"_links":{"self":[{"href":"https:\/\/acontecenafronteira.com.br\/index.php\/wp-json\/wp\/v2\/posts\/33116","targetHints":{"allow":["GET"]}}],"collection":[{"href":"https:\/\/acontecenafronteira.com.br\/index.php\/wp-json\/wp\/v2\/posts"}],"about":[{"href":"https:\/\/acontecenafronteira.com.br\/index.php\/wp-json\/wp\/v2\/types\/post"}],"replies":[{"embeddable":true,"href":"https:\/\/acontecenafronteira.com.br\/index.php\/wp-json\/wp\/v2\/comments?post=33116"}],"version-history":[{"count":1,"href":"https:\/\/acontecenafronteira.com.br\/index.php\/wp-json\/wp\/v2\/posts\/33116\/revisions"}],"predecessor-version":[{"id":33120,"href":"https:\/\/acontecenafronteira.com.br\/index.php\/wp-json\/wp\/v2\/posts\/33116\/revisions\/33120"}],"wp:featuredmedia":[{"embeddable":true,"href":"https:\/\/acontecenafronteira.com.br\/index.php\/wp-json\/wp\/v2\/media\/33121"}],"wp:attachment":[{"href":"https:\/\/acontecenafronteira.com.br\/index.php\/wp-json\/wp\/v2\/media?parent=33116"}],"wp:term":[{"taxonomy":"category","embeddable":true,"href":"https:\/\/acontecenafronteira.com.br\/index.php\/wp-json\/wp\/v2\/categories?post=33116"},{"taxonomy":"post_tag","embeddable":true,"href":"https:\/\/acontecenafronteira.com.br\/index.php\/wp-json\/wp\/v2\/tags?post=33116"}],"curies":[{"name":"wp","href":"https:\/\/api.w.org\/{rel}","templated":true}]}}