{"id":33099,"date":"2026-09-01T08:36:17","date_gmt":"2026-09-01T11:36:17","guid":{"rendered":"https:\/\/acontecenafronteira.com.br\/?p=33099"},"modified":"2026-09-01T08:36:17","modified_gmt":"2026-09-01T11:36:17","slug":"posso-descolorir-o-cabelo-descubra-se-os-fios-estao-preparados","status":"publish","type":"post","link":"https:\/\/acontecenafronteira.com.br\/index.php\/2026\/09\/01\/posso-descolorir-o-cabelo-descubra-se-os-fios-estao-preparados\/","title":{"rendered":"Posso descolorir o cabelo? Descubra se os fios est\u00e3o preparados"},"content":{"rendered":"<p>A vontade de adotar um visual mais claro costuma surgir de uma inspira\u00e7\u00e3o r\u00e1pida, mas antes de aplicar o descolorimento, \u00e9 fundamental avaliar se a sa\u00fade capilar suporta a qu\u00edmica. A remo\u00e7\u00e3o dos pigmentos altera a estrutura da fibra, elevando a porosidade e diminuindo a resist\u00eancia. Isso n\u00e3o pro\u00edbe a mudan\u00e7a de tom, mas exige que a condi\u00e7\u00e3o atual do cabelo paute cada decis\u00e3o.<\/p>\n<h2>Avaliando a resist\u00eancia dos fios para a qu\u00edmica<\/h2>\n<p>\nO sucesso da transforma\u00e7\u00e3o depende muito mais da sa\u00fade capilar do que da curvatura dos fios. Tanto cabelos lisos quanto cacheados podem clarear, desde que apresentem for\u00e7a suficiente para tolerar a a\u00e7\u00e3o do produto.<\/p>\n<p>Fios excessivamente el\u00e1sticos, quebradi\u00e7os ou com danos profundos nas pontas exigem cautela. Se o cabelo molhado estica demais sem retornar ao normal ou se rompe facilmente ao pentear, o ideal \u00e9 adiar a sess\u00e3o. O hist\u00f3rico de alisamentos e tinturas tamb\u00e9m importa, pois a incompatibilidade de ativos pode causar o temido corte qu\u00edmico.<\/p>\n<h2>A import\u00e2ncia indispens\u00e1vel do teste de mecha<\/h2>\n<p>\nA an\u00e1lise visual em casa ajuda, mas apenas o teste de mecha garante uma previs\u00e3o real da rea\u00e7\u00e3o capilar. O procedimento consiste em aplicar o produto em uma pequena se\u00e7\u00e3o para checar a resist\u00eancia da fibra e o n\u00edvel de clareamento atingido.<\/p>\n<p>Essa etapa revela se o tom desejado \u00e9 seguro em uma \u00fanica ida ao sal\u00e3o ou se vai exigir mais sess\u00f5es. Cabelos escuros ou com ac\u00famulo de tintas artificiais necessitam de paci\u00eancia para evitar aspereza e quebra.<\/p>\n<h2>Como preparar o cabelo antes da descolora\u00e7\u00e3o<\/h2>\n<p>\nAs semanas anteriores ao procedimento devem focar na recupera\u00e7\u00e3o da fibra, especialmente se houver ressecamento. M\u00e1scaras capilares ajudam a manter a flexibilidade. A linha <b>Intense Coco<\/b> da <b>H2O Evolution<\/b> atua na nutri\u00e7\u00e3o e restaura\u00e7\u00e3o de fios que perder\u00e3o sa\u00fade e maciez, enquanto o uso de ferramentas de calor deve ser reduzido para evitar a perda de \u00e1gua.<\/p>\n<h2>Cuidados p\u00f3s-descolora\u00e7\u00e3o e recupera\u00e7\u00e3o capilar<\/h2>\n<p>\nAp\u00f3s a remo\u00e7\u00e3o dos pigmentos, a fibra fica mais porosa e propensa a embara\u00e7ar. O uso de \u00e1gua morna no banho e a aplica\u00e7\u00e3o de protetor t\u00e9rmico antes do secador tornam-se obrigat\u00f3rios. Para devolver a for\u00e7a e a maciez, a escolha de tratamentos adequados faz toda a diferen\u00e7a. Enquanto a linha <b>Intense Coco<\/b> combate a aspereza, a linha <b>Nutri Ceramidas<\/b> da <b>H2O Evolution<\/b> fortalece os cabelos fragilizados, garantindo um resultado saud\u00e1vel e duradouro.<\/p>\n<p>Por Reda\u00e7\u00e3o Acontece<\/p>\n<p>Divulga\u00e7\u00e3o\/H2O Evolution.<\/p>\n","protected":false},"excerpt":{"rendered":"<p>A vontade de adotar um visual mais claro costuma surgir de uma inspira\u00e7\u00e3o r\u00e1pida, mas antes de aplicar o descolorimento, \u00e9 fundamental avaliar se a sa\u00fade capilar suporta a qu\u00edmica. A remo\u00e7\u00e3o dos pigmentos altera a estrutura da fibra, elevando a porosidade e diminuindo a resist\u00eancia. Isso n\u00e3o pro\u00edbe a mudan\u00e7a de tom, mas exige [&hellip;]<\/p>\n","protected":false},"author":0,"featured_media":33107,"comment_status":"open","ping_status":"open","sticky":false,"template":"","format":"standard","meta":{"footnotes":""},"categories":[18],"tags":[],"class_list":["post-33099","post","type-post","status-publish","format-standard","has-post-thumbnail","hentry","category-parana"],"_links":{"self":[{"href":"https:\/\/acontecenafronteira.com.br\/index.php\/wp-json\/wp\/v2\/posts\/33099","targetHints":{"allow":["GET"]}}],"collection":[{"href":"https:\/\/acontecenafronteira.com.br\/index.php\/wp-json\/wp\/v2\/posts"}],"about":[{"href":"https:\/\/acontecenafronteira.com.br\/index.php\/wp-json\/wp\/v2\/types\/post"}],"replies":[{"embeddable":true,"href":"https:\/\/acontecenafronteira.com.br\/index.php\/wp-json\/wp\/v2\/comments?post=33099"}],"version-history":[{"count":1,"href":"https:\/\/acontecenafronteira.com.br\/index.php\/wp-json\/wp\/v2\/posts\/33099\/revisions"}],"predecessor-version":[{"id":33106,"href":"https:\/\/acontecenafronteira.com.br\/index.php\/wp-json\/wp\/v2\/posts\/33099\/revisions\/33106"}],"wp:featuredmedia":[{"embeddable":true,"href":"https:\/\/acontecenafronteira.com.br\/index.php\/wp-json\/wp\/v2\/media\/33107"}],"wp:attachment":[{"href":"https:\/\/acontecenafronteira.com.br\/index.php\/wp-json\/wp\/v2\/media?parent=33099"}],"wp:term":[{"taxonomy":"category","embeddable":true,"href":"https:\/\/acontecenafronteira.com.br\/index.php\/wp-json\/wp\/v2\/categories?post=33099"},{"taxonomy":"post_tag","embeddable":true,"href":"https:\/\/acontecenafronteira.com.br\/index.php\/wp-json\/wp\/v2\/tags?post=33099"}],"curies":[{"name":"wp","href":"https:\/\/api.w.org\/{rel}","templated":true}]}}