{"id":33098,"date":"2026-09-01T08:36:11","date_gmt":"2026-09-01T11:36:11","guid":{"rendered":"https:\/\/acontecenafronteira.com.br\/?p=33098"},"modified":"2026-09-01T08:36:11","modified_gmt":"2026-09-01T11:36:11","slug":"plano-safra-impulsiona-producao-de-arroz-no-sul-do-brasil","status":"publish","type":"post","link":"https:\/\/acontecenafronteira.com.br\/index.php\/2026\/09\/01\/plano-safra-impulsiona-producao-de-arroz-no-sul-do-brasil\/","title":{"rendered":"Plano Safra impulsiona produ\u00e7\u00e3o de arroz no Sul do Brasil"},"content":{"rendered":"<p>O cultivo do <strong>arroz<\/strong> no Brasil exige planejamento rigoroso, desde a escolha das sementes at\u00e9 o momento da colheita. Na safra 2025\/2026, a Companhia Nacional de Abastecimento (Conab) projeta uma colheita nacional de 11 milh\u00f5es de toneladas, com forte destaque para a Regi\u00e3o Sul. Juntos, Rio Grande do Sul e Santa Catarina devem responder por 81,7% desse total, consolidando o peso estrat\u00e9gico da regi\u00e3o para a seguran\u00e7a alimentar e a economia local.<\/p>\n<h2>O papel estrat\u00e9gico do Plano Safra na agricultura familiar<\/h2>\n<p>Por tr\u00e1s dessas expressivas marcas est\u00e3o pequenos produtores que encontram no campo o seu sustento. \u00c9 o caso de Jair Bergmann Pereira, agricultor em Santa Catarina que expandiu sua lavoura de um para 12 hectares ao longo de duas d\u00e9cadas. Com o apoio das linhas de custeio e investimento do <strong>Pronaf<\/strong>, parte integrante do <strong>Plano Safra<\/strong>, ele conseguiu adquirir insumos \u00e0 vista e modernizar sua frota de tratores, reduzindo custos operacionais e ganhando agilidade no preparo da terra.<\/p>\n<h2>Tecnologia e efici\u00eancia nas lavouras ga\u00fachas e catarinenses<\/h2>\n<p>Outro exemplo de sucesso vem do Rio Grande do Sul com o agricultor Marlon Padilha Descovi. Utilizando recursos de cr\u00e9dito rural, ele investiu em t\u00e9cnicas avan\u00e7adas de preparo de solo, armazenagem de gr\u00e3os e maquin\u00e1rio moderno. Mesmo ap\u00f3s enfrentar preju\u00edzos com enchentes, o acesso r\u00e1pido ao financiamento permitiu a aquisi\u00e7\u00e3o de uma escavadeira hidr\u00e1ulica para recuperar as \u00e1reas danificadas, provando que a tecnologia no campo vai muito al\u00e9m do aumento de safra.<\/p>\n<p>Especialistas do setor apontam que a inje\u00e7\u00e3o de capital nas propriedades gera um ciclo virtuoso. Em algumas regi\u00f5es catarinenses, o uso adequado de tecnologias viabilizadas pelo cr\u00e9dito rural permite que a produtividade ultrapasse a marca de 200 sacas por hectare, otimizando tamb\u00e9m o uso de recursos naturais como a irriga\u00e7\u00e3o por gravidade.<\/p>\n<h2>Impacto econ\u00f4mico e desenvolvimento regional<\/h2>\n<p>A for\u00e7a da rizicultura ultrapassa as porteiras das fazendas e movimenta toda a cadeia de suprimentos, englobando com\u00e9rcio, armazenagem e beneficiamento nos munic\u00edpios produtores. O <strong>cooperativismo de cr\u00e9dito<\/strong> atua como um pilar fundamental nesse ecossistema, oferecendo suporte t\u00e9cnico, atendimento personalizado e acompanhamento financeiro de longo prazo para as fam\u00edlias agricultoras.<\/p>\n<p>Por Reda\u00e7\u00e3o Acontece<\/p>\n<p>Cr\u00e9ditos da imagem: Divulga\u00e7\u00e3o \/ Acervo<\/p>\n","protected":false},"excerpt":{"rendered":"<p>O cultivo do arroz no Brasil exige planejamento rigoroso, desde a escolha das sementes at\u00e9 o momento da colheita. Na safra 2025\/2026, a Companhia Nacional de Abastecimento (Conab) projeta uma colheita nacional de 11 milh\u00f5es de toneladas, com forte destaque para a Regi\u00e3o Sul. Juntos, Rio Grande do Sul e Santa Catarina devem responder por [&hellip;]<\/p>\n","protected":false},"author":0,"featured_media":33105,"comment_status":"open","ping_status":"open","sticky":false,"template":"","format":"standard","meta":{"footnotes":""},"categories":[18],"tags":[],"class_list":["post-33098","post","type-post","status-publish","format-standard","has-post-thumbnail","hentry","category-parana"],"_links":{"self":[{"href":"https:\/\/acontecenafronteira.com.br\/index.php\/wp-json\/wp\/v2\/posts\/33098","targetHints":{"allow":["GET"]}}],"collection":[{"href":"https:\/\/acontecenafronteira.com.br\/index.php\/wp-json\/wp\/v2\/posts"}],"about":[{"href":"https:\/\/acontecenafronteira.com.br\/index.php\/wp-json\/wp\/v2\/types\/post"}],"replies":[{"embeddable":true,"href":"https:\/\/acontecenafronteira.com.br\/index.php\/wp-json\/wp\/v2\/comments?post=33098"}],"version-history":[{"count":1,"href":"https:\/\/acontecenafronteira.com.br\/index.php\/wp-json\/wp\/v2\/posts\/33098\/revisions"}],"predecessor-version":[{"id":33104,"href":"https:\/\/acontecenafronteira.com.br\/index.php\/wp-json\/wp\/v2\/posts\/33098\/revisions\/33104"}],"wp:featuredmedia":[{"embeddable":true,"href":"https:\/\/acontecenafronteira.com.br\/index.php\/wp-json\/wp\/v2\/media\/33105"}],"wp:attachment":[{"href":"https:\/\/acontecenafronteira.com.br\/index.php\/wp-json\/wp\/v2\/media?parent=33098"}],"wp:term":[{"taxonomy":"category","embeddable":true,"href":"https:\/\/acontecenafronteira.com.br\/index.php\/wp-json\/wp\/v2\/categories?post=33098"},{"taxonomy":"post_tag","embeddable":true,"href":"https:\/\/acontecenafronteira.com.br\/index.php\/wp-json\/wp\/v2\/tags?post=33098"}],"curies":[{"name":"wp","href":"https:\/\/api.w.org\/{rel}","templated":true}]}}