{"id":33088,"date":"2026-09-01T07:37:15","date_gmt":"2026-09-01T10:37:15","guid":{"rendered":"https:\/\/acontecenafronteira.com.br\/?p=33088"},"modified":"2026-09-01T07:37:15","modified_gmt":"2026-09-01T10:37:15","slug":"solar-supera-carvao-e-marca-revolucao-energetica-na-china","status":"publish","type":"post","link":"https:\/\/acontecenafronteira.com.br\/index.php\/2026\/09\/01\/solar-supera-carvao-e-marca-revolucao-energetica-na-china\/","title":{"rendered":"Solar supera carv\u00e3o e marca revolu\u00e7\u00e3o energ\u00e9tica na China"},"content":{"rendered":"<p>A matriz energ\u00e9tica da China passou por uma transforma\u00e7\u00e3o hist\u00f3rica ap\u00f3s a capacidade instalada de energia solar superar, de forma in\u00e9dita, a gera\u00e7\u00e3o baseada em carv\u00e3o no pa\u00eds.<\/p>\n<h2>O avan\u00e7o hist\u00f3rico da energia solar<\/h2>\n<p>A Administra\u00e7\u00e3o Nacional de Energia (NEA) divulgou que o territ\u00f3rio chin\u00eas alcan\u00e7ou a marca de 1,286 bilh\u00e3o de quilowatts em capacidade fotovoltaica at\u00e9 o final de julho.<\/p>\n<p>Com esse volume expressivo, a tecnologia solar ultrapassou os 1,285 bilh\u00e3o de quilowatts registrados pelas usinas termel\u00e9tricas a carv\u00e3o, consolidando-se como a principal fonte de eletricidade da na\u00e7\u00e3o em termos de capacidade instalada.<\/p>\n<h2>Metas ambientais e transi\u00e7\u00e3o verde<\/h2>\n<p>Conhecido como o maior emissor mundial de gases poluentes que aceleram as mudan\u00e7as clim\u00e1ticas, o gigante asi\u00e1tico assumiu o compromisso oficial de zerar suas emiss\u00f5es l\u00edquidas at\u00e9 2060, projetando atingir o pico de polui\u00e7\u00e3o antes de 2030.<\/p>\n<p>O setor de energia solar tem apresentado uma expans\u00e3o acelerada e cont\u00ednua, desempenhando um papel estrat\u00e9gico para assegurar o abastecimento el\u00e9trico nacional e acelerar a descarboniza\u00e7\u00e3o da economia.<\/p>\n<p>Historicamente dependente do carv\u00e3o por v\u00e1rias d\u00e9cadas \u2014 combust\u00edvel f\u00f3ssil que figura entre os maiores vil\u00f5es do aquecimento global \u2014, o pa\u00eds tem testemunhado uma queda gradual na participa\u00e7\u00e3o dessa fonte tradicional na sua matriz el\u00e9trica.<\/p>\n<p>Esse recuo do carv\u00e3o \u00e9 reflexo direto de um boom sem precedentes na constru\u00e7\u00e3o de parques de energias renov\u00e1veis por todo o territ\u00f3rio chin\u00eas nos \u00faltimos anos.<\/p>\n<p>Por Reda\u00e7\u00e3o Acontece<\/p>\n<p>Cr\u00e9ditos da imagem: Divulga\u00e7\u00e3o \/ NEA<\/p>\n","protected":false},"excerpt":{"rendered":"<p>A matriz energ\u00e9tica da China passou por uma transforma\u00e7\u00e3o hist\u00f3rica ap\u00f3s a capacidade instalada de energia solar superar, de forma in\u00e9dita, a gera\u00e7\u00e3o baseada em carv\u00e3o no pa\u00eds. O avan\u00e7o hist\u00f3rico da energia solar A Administra\u00e7\u00e3o Nacional de Energia (NEA) divulgou que o territ\u00f3rio chin\u00eas alcan\u00e7ou a marca de 1,286 bilh\u00e3o de quilowatts em capacidade [&hellip;]<\/p>\n","protected":false},"author":0,"featured_media":33093,"comment_status":"open","ping_status":"open","sticky":false,"template":"","format":"standard","meta":{"footnotes":""},"categories":[28],"tags":[],"class_list":["post-33088","post","type-post","status-publish","format-standard","has-post-thumbnail","hentry","category-mundo"],"_links":{"self":[{"href":"https:\/\/acontecenafronteira.com.br\/index.php\/wp-json\/wp\/v2\/posts\/33088","targetHints":{"allow":["GET"]}}],"collection":[{"href":"https:\/\/acontecenafronteira.com.br\/index.php\/wp-json\/wp\/v2\/posts"}],"about":[{"href":"https:\/\/acontecenafronteira.com.br\/index.php\/wp-json\/wp\/v2\/types\/post"}],"replies":[{"embeddable":true,"href":"https:\/\/acontecenafronteira.com.br\/index.php\/wp-json\/wp\/v2\/comments?post=33088"}],"version-history":[{"count":1,"href":"https:\/\/acontecenafronteira.com.br\/index.php\/wp-json\/wp\/v2\/posts\/33088\/revisions"}],"predecessor-version":[{"id":33092,"href":"https:\/\/acontecenafronteira.com.br\/index.php\/wp-json\/wp\/v2\/posts\/33088\/revisions\/33092"}],"wp:featuredmedia":[{"embeddable":true,"href":"https:\/\/acontecenafronteira.com.br\/index.php\/wp-json\/wp\/v2\/media\/33093"}],"wp:attachment":[{"href":"https:\/\/acontecenafronteira.com.br\/index.php\/wp-json\/wp\/v2\/media?parent=33088"}],"wp:term":[{"taxonomy":"category","embeddable":true,"href":"https:\/\/acontecenafronteira.com.br\/index.php\/wp-json\/wp\/v2\/categories?post=33088"},{"taxonomy":"post_tag","embeddable":true,"href":"https:\/\/acontecenafronteira.com.br\/index.php\/wp-json\/wp\/v2\/tags?post=33088"}],"curies":[{"name":"wp","href":"https:\/\/api.w.org\/{rel}","templated":true}]}}