{"id":33068,"date":"2026-09-01T06:38:03","date_gmt":"2026-09-01T09:38:03","guid":{"rendered":"https:\/\/acontecenafronteira.com.br\/?p=33068"},"modified":"2026-09-01T06:38:03","modified_gmt":"2026-09-01T09:38:03","slug":"velorio-do-jornalista-carlos-monforte-acontece-nesta-terca-em-brasilia","status":"publish","type":"post","link":"https:\/\/acontecenafronteira.com.br\/index.php\/2026\/09\/01\/velorio-do-jornalista-carlos-monforte-acontece-nesta-terca-em-brasilia\/","title":{"rendered":"Vel\u00f3rio do jornalista Carlos Monforte acontece nesta ter\u00e7a em Bras\u00edlia"},"content":{"rendered":"<p>O vel\u00f3rio do jornalista Carlos Monforte, falecido aos 77 anos na \u00faltima segunda-feira (31\/8), ocorre nesta ter\u00e7a-feira (1\/9), na capital federal. A despedida e o processo de crema\u00e7\u00e3o ser\u00e3o realizados no Cemit\u00e9rio Campo da Esperan\u00e7a, localizado na Asa Sul, Distrito Federal.<\/p>\n<h2>Programa\u00e7\u00e3o da despedida<\/h2>\n<p>\nA cerim\u00f4nia de adeus ao comunicador est\u00e1 programada para acontecer na Capela 1, no hor\u00e1rio das 13h \u00e0s 15h. Em seguida, os familiares e amigos participam da crema\u00e7\u00e3o, marcada para as 15h15 no mesmo complexo funer\u00e1rio.<\/p>\n<h2>Legado na comunica\u00e7\u00e3o nacional<\/h2>\n<p>\nNatural de Santos, litoral paulista, onde nasceu em 3 de julho de 1949, Carlos Am\u00e9rico Aguiar Monforte iniciou sua carreira no jornal A Tribuna antes mesmo de se formar em jornalismo, o que ocorreu em 1972. Antes de ingressar na televis\u00e3o, ele passou por importantes ve\u00edculos impressos e \u00f3rg\u00e3os p\u00fablicos, atuando como rep\u00f3rter especial em O Estado de S. Paulo entre 1973 e 1978, al\u00e9m de realizar especializa\u00e7\u00f5es na Europa.<\/p>\n<h2>Trajet\u00f3ria de destaque na televis\u00e3o<\/h2>\n<p>\nA estreia na TV Globo aconteceu em 1978, inicialmente como rep\u00f3rter em S\u00e3o Paulo para produ\u00e7\u00f5es como o Jornal Nacional e o Fant\u00e1stico. Na d\u00e9cada de 1980, consolidou-se na editoria de Pol\u00edtica e alcan\u00e7ou um marco hist\u00f3rico ao comandar a primeira edi\u00e7\u00e3o do Bom Dia Brasil, em janeiro de 1983.<\/p>\n<p>Depois de uma passagem pela Confedera\u00e7\u00e3o Nacional da Ind\u00fastria (CNI) no in\u00edcio dos anos 90, Monforte retornou \u00e0 emissora para cobrir os bastidores do poder em Bras\u00edlia. Na GloboNews, atuou como coordenador e apresentou programas de grande relev\u00e2ncia, como o Jornal das Dez e o Fatos e Vers\u00f5es, marcando definitivamente seu nome na hist\u00f3ria do telejornalismo brasileiro.<\/p>\n<p>Por Reda\u00e7\u00e3o Acontece<\/p>\n<p>Reprodu\u00e7\u00e3o\/Redes Sociais<\/p>\n","protected":false},"excerpt":{"rendered":"<p>O vel\u00f3rio do jornalista Carlos Monforte, falecido aos 77 anos na \u00faltima segunda-feira (31\/8), ocorre nesta ter\u00e7a-feira (1\/9), na capital federal. A despedida e o processo de crema\u00e7\u00e3o ser\u00e3o realizados no Cemit\u00e9rio Campo da Esperan\u00e7a, localizado na Asa Sul, Distrito Federal. Programa\u00e7\u00e3o da despedida A cerim\u00f4nia de adeus ao comunicador est\u00e1 programada para acontecer na [&hellip;]<\/p>\n","protected":false},"author":0,"featured_media":33073,"comment_status":"open","ping_status":"open","sticky":false,"template":"","format":"standard","meta":{"footnotes":""},"categories":[6],"tags":[],"class_list":["post-33068","post","type-post","status-publish","format-standard","has-post-thumbnail","hentry","category-mercosul"],"_links":{"self":[{"href":"https:\/\/acontecenafronteira.com.br\/index.php\/wp-json\/wp\/v2\/posts\/33068","targetHints":{"allow":["GET"]}}],"collection":[{"href":"https:\/\/acontecenafronteira.com.br\/index.php\/wp-json\/wp\/v2\/posts"}],"about":[{"href":"https:\/\/acontecenafronteira.com.br\/index.php\/wp-json\/wp\/v2\/types\/post"}],"replies":[{"embeddable":true,"href":"https:\/\/acontecenafronteira.com.br\/index.php\/wp-json\/wp\/v2\/comments?post=33068"}],"version-history":[{"count":1,"href":"https:\/\/acontecenafronteira.com.br\/index.php\/wp-json\/wp\/v2\/posts\/33068\/revisions"}],"predecessor-version":[{"id":33072,"href":"https:\/\/acontecenafronteira.com.br\/index.php\/wp-json\/wp\/v2\/posts\/33068\/revisions\/33072"}],"wp:featuredmedia":[{"embeddable":true,"href":"https:\/\/acontecenafronteira.com.br\/index.php\/wp-json\/wp\/v2\/media\/33073"}],"wp:attachment":[{"href":"https:\/\/acontecenafronteira.com.br\/index.php\/wp-json\/wp\/v2\/media?parent=33068"}],"wp:term":[{"taxonomy":"category","embeddable":true,"href":"https:\/\/acontecenafronteira.com.br\/index.php\/wp-json\/wp\/v2\/categories?post=33068"},{"taxonomy":"post_tag","embeddable":true,"href":"https:\/\/acontecenafronteira.com.br\/index.php\/wp-json\/wp\/v2\/tags?post=33068"}],"curies":[{"name":"wp","href":"https:\/\/api.w.org\/{rel}","templated":true}]}}