{"id":33059,"date":"2026-09-01T06:37:27","date_gmt":"2026-09-01T09:37:27","guid":{"rendered":"https:\/\/acontecenafronteira.com.br\/?p=33059"},"modified":"2026-09-01T06:37:27","modified_gmt":"2026-09-01T09:37:27","slug":"fim-da-linha-para-turistas-brasileiros-regularizarem-visto-em-portugal","status":"publish","type":"post","link":"https:\/\/acontecenafronteira.com.br\/index.php\/2026\/09\/01\/fim-da-linha-para-turistas-brasileiros-regularizarem-visto-em-portugal\/","title":{"rendered":"Fim da linha para turistas brasileiros regularizarem visto em Portugal"},"content":{"rendered":"<p>O governo de Portugal determinou o encerramento definitivo do mecanismo que permitia a cidad\u00e3os estrangeiros, com destaque para os brasileiros, solicitarem a regulariza\u00e7\u00e3o de sua situa\u00e7\u00e3o migrat\u00f3ria ap\u00f3s a entrada no pa\u00eds como turistas.<\/p>\n<h2>Fim da manifesta\u00e7\u00e3o de interesse<\/h2>\n<p>A famosa manifesta\u00e7\u00e3o de interesse, que funcionava como uma importante porta de entrada legal para quem chegava apenas com visto de turismo, foi oficialmente abolida pelas autoridades portuguesas.<\/p>\n<p>Essa mudan\u00e7a repentina altera drasticamente o cen\u00e1rio para milhares de viajantes do Brasil que planejavam mudar de pa\u00eds em busca de novas oportunidades profissionais e de qualidade de vida na Europa.<\/p>\n<h2>Novas exig\u00eancias para quem busca resid\u00eancia<\/h2>\n<p>A partir de agora, os tr\u00e2mites burocr\u00e1ticos tornam-se mais r\u00edgidos, exigindo que qualquer interessado obtenha o visto adequado ainda em solo brasileiro antes de embarcar para o territ\u00f3rio portugu\u00eas.<\/p>\n<p>Essa reformula\u00e7\u00e3o nas leis de imigra\u00e7\u00e3o visa conter o fluxo desordenado e garantir maior controle nas fronteiras nacionais, alinhando as diretrizes locais \u00e0s exig\u00eancias gerais da Uni\u00e3o Europeia.<\/p>\n<p>Especialistas em direito migrat\u00f3rio recomendam que os cidad\u00e3os redobrem a aten\u00e7\u00e3o aos consulados para evitar deporta\u00e7\u00f5es ou perman\u00eancias irregulares que possam resultar em san\u00e7\u00f5es severas.<\/p>\n<p>Por Reda\u00e7\u00e3o Acontece<\/p>\n<p>Cr\u00e9ditos da imagem: Divulga\u00e7\u00e3o\/Pixabay<\/p>\n","protected":false},"excerpt":{"rendered":"<p>O governo de Portugal determinou o encerramento definitivo do mecanismo que permitia a cidad\u00e3os estrangeiros, com destaque para os brasileiros, solicitarem a regulariza\u00e7\u00e3o de sua situa\u00e7\u00e3o migrat\u00f3ria ap\u00f3s a entrada no pa\u00eds como turistas. Fim da manifesta\u00e7\u00e3o de interesse A famosa manifesta\u00e7\u00e3o de interesse, que funcionava como uma importante porta de entrada legal para quem [&hellip;]<\/p>\n","protected":false},"author":0,"featured_media":33066,"comment_status":"open","ping_status":"open","sticky":false,"template":"","format":"standard","meta":{"footnotes":""},"categories":[28],"tags":[],"class_list":["post-33059","post","type-post","status-publish","format-standard","has-post-thumbnail","hentry","category-mundo"],"_links":{"self":[{"href":"https:\/\/acontecenafronteira.com.br\/index.php\/wp-json\/wp\/v2\/posts\/33059","targetHints":{"allow":["GET"]}}],"collection":[{"href":"https:\/\/acontecenafronteira.com.br\/index.php\/wp-json\/wp\/v2\/posts"}],"about":[{"href":"https:\/\/acontecenafronteira.com.br\/index.php\/wp-json\/wp\/v2\/types\/post"}],"replies":[{"embeddable":true,"href":"https:\/\/acontecenafronteira.com.br\/index.php\/wp-json\/wp\/v2\/comments?post=33059"}],"version-history":[{"count":1,"href":"https:\/\/acontecenafronteira.com.br\/index.php\/wp-json\/wp\/v2\/posts\/33059\/revisions"}],"predecessor-version":[{"id":33065,"href":"https:\/\/acontecenafronteira.com.br\/index.php\/wp-json\/wp\/v2\/posts\/33059\/revisions\/33065"}],"wp:featuredmedia":[{"embeddable":true,"href":"https:\/\/acontecenafronteira.com.br\/index.php\/wp-json\/wp\/v2\/media\/33066"}],"wp:attachment":[{"href":"https:\/\/acontecenafronteira.com.br\/index.php\/wp-json\/wp\/v2\/media?parent=33059"}],"wp:term":[{"taxonomy":"category","embeddable":true,"href":"https:\/\/acontecenafronteira.com.br\/index.php\/wp-json\/wp\/v2\/categories?post=33059"},{"taxonomy":"post_tag","embeddable":true,"href":"https:\/\/acontecenafronteira.com.br\/index.php\/wp-json\/wp\/v2\/tags?post=33059"}],"curies":[{"name":"wp","href":"https:\/\/api.w.org\/{rel}","templated":true}]}}