{"id":33058,"date":"2026-09-01T06:36:51","date_gmt":"2026-09-01T09:36:51","guid":{"rendered":"https:\/\/acontecenafronteira.com.br\/?p=33058"},"modified":"2026-09-01T06:36:51","modified_gmt":"2026-09-01T09:36:51","slug":"ventania-de-68-km-h-assusta-cariocas-e-frente-fria-muda-o-tempo","status":"publish","type":"post","link":"https:\/\/acontecenafronteira.com.br\/index.php\/2026\/09\/01\/ventania-de-68-km-h-assusta-cariocas-e-frente-fria-muda-o-tempo\/","title":{"rendered":"Ventania de 68 km\/h assusta cariocas e frente fria muda o tempo"},"content":{"rendered":"<p>Ventania de 68 km\/h assusta cariocas e frente fria muda o tempo Moradores do Rio de Janeiro enfrentam rajadas de vento de at\u00e9 68 km\/h nesta ter\u00e7a-feira. Frente fria traz chuva forte e queda de temperatura. Uma forte ventania surpreendeu os moradores do Rio de Janeiro na madrugada desta ter\u00e7a-feira, registrando rajadas de at\u00e9 68 km\/h em esta\u00e7\u00f5es meteorol\u00f3gicas da capital fluminense e causando momentos de tens\u00e3o devido \u00e0 aproxima\u00e7\u00e3o de uma nova frente fria. <\/p>\n<h2>Impacto da ventania e relatos nas redes sociais<\/h2>\n<p>Entre 4h e 5h da manh\u00e3, o Sistema Alerta Rio mediu ventos de 68 km\/h em Copacabana e 60,8 km\/h na regi\u00e3o da Marambaia. Nas plataformas digitais, diversas pessoas compartilharam o susto, relatando janelas balan\u00e7ando intensamente, quedas moment\u00e2neas de energia e questionamentos sobre o momento em que os avisos oficiais foram disparados.<\/p>\n<p>Um comunicado oficial da Defesa Civil foi enviado por SMS por volta das 5h53, aconselhando a popula\u00e7\u00e3o a buscar abrigos seguros e relembrando os n\u00fameros de emerg\u00eancia 199 e 193. O Centro de Opera\u00e7\u00f5es do Rio (COR-Rio) refor\u00e7ou o pedido para que todos acompanhem as atualiza\u00e7\u00f5es meteorol\u00f3gicas de perto.<\/p>\n<h2>Previs\u00e3o do tempo e instabilidade<\/h2>\n<p>A mudan\u00e7a brusca no clima \u00e9 provocada pelo avan\u00e7o de uma frente fria, que eleva a nebulosidade e traz chuvas fracas a moderadas pela manh\u00e3, evoluindo para pancadas mais intensas com descargas el\u00e9tricas a partir da tarde. Os term\u00f4metros devem registrar m\u00ednima de 19\u00b0C e m\u00e1xima de 30\u00b0C.<\/p>\n<p>Para esta quarta-feira, a umidade transportada pelo sistema frontal continuar\u00e1 provocando precipita\u00e7\u00f5es at\u00e9 o in\u00edcio da madrugada, acompanhadas por ventos moderados a fortes e uma acentuada queda nas temperaturas. O cen\u00e1rio de estabilidade s\u00f3 deve retornar na quinta e na sexta-feira, com c\u00e9u parcialmente nublado, mas novas instabilidades s\u00e3o esperadas para o s\u00e1bado.<\/p>\n<h2>Cuidados e recomenda\u00e7\u00f5es de seguran\u00e7a<\/h2>\n<p>Diante dos ventos intensos, o COR-Rio orienta fechar bem portas, janelas e cortinas para conter estilha\u00e7os em caso de quebra de vidro, al\u00e9m de desligar aparelhos da tomada e fechar o registro de g\u00e1s. Ao ar livre, \u00e9 fundamental evitar \u00e1reas arborizadas, estruturas met\u00e1licas, praias e locais elevados, mantendo dist\u00e2ncia de cabos el\u00e9tricos e outdoors.<\/p>\n<p> Por Reda\u00e7\u00e3o Acontece Reprodu\u00e7\u00e3o<\/p>\n","protected":false},"excerpt":{"rendered":"<p>Ventania de 68 km\/h assusta cariocas e frente fria muda o tempo Moradores do Rio de Janeiro enfrentam rajadas de vento de at\u00e9 68 km\/h nesta ter\u00e7a-feira. Frente fria traz chuva forte e queda de temperatura. Uma forte ventania surpreendeu os moradores do Rio de Janeiro na madrugada desta ter\u00e7a-feira, registrando rajadas de at\u00e9 68 [&hellip;]<\/p>\n","protected":false},"author":0,"featured_media":33064,"comment_status":"open","ping_status":"open","sticky":false,"template":"","format":"standard","meta":{"footnotes":""},"categories":[28],"tags":[],"class_list":["post-33058","post","type-post","status-publish","format-standard","has-post-thumbnail","hentry","category-mundo"],"_links":{"self":[{"href":"https:\/\/acontecenafronteira.com.br\/index.php\/wp-json\/wp\/v2\/posts\/33058","targetHints":{"allow":["GET"]}}],"collection":[{"href":"https:\/\/acontecenafronteira.com.br\/index.php\/wp-json\/wp\/v2\/posts"}],"about":[{"href":"https:\/\/acontecenafronteira.com.br\/index.php\/wp-json\/wp\/v2\/types\/post"}],"replies":[{"embeddable":true,"href":"https:\/\/acontecenafronteira.com.br\/index.php\/wp-json\/wp\/v2\/comments?post=33058"}],"version-history":[{"count":1,"href":"https:\/\/acontecenafronteira.com.br\/index.php\/wp-json\/wp\/v2\/posts\/33058\/revisions"}],"predecessor-version":[{"id":33063,"href":"https:\/\/acontecenafronteira.com.br\/index.php\/wp-json\/wp\/v2\/posts\/33058\/revisions\/33063"}],"wp:featuredmedia":[{"embeddable":true,"href":"https:\/\/acontecenafronteira.com.br\/index.php\/wp-json\/wp\/v2\/media\/33064"}],"wp:attachment":[{"href":"https:\/\/acontecenafronteira.com.br\/index.php\/wp-json\/wp\/v2\/media?parent=33058"}],"wp:term":[{"taxonomy":"category","embeddable":true,"href":"https:\/\/acontecenafronteira.com.br\/index.php\/wp-json\/wp\/v2\/categories?post=33058"},{"taxonomy":"post_tag","embeddable":true,"href":"https:\/\/acontecenafronteira.com.br\/index.php\/wp-json\/wp\/v2\/tags?post=33058"}],"curies":[{"name":"wp","href":"https:\/\/api.w.org\/{rel}","templated":true}]}}