{"id":33057,"date":"2026-09-01T06:36:35","date_gmt":"2026-09-01T09:36:35","guid":{"rendered":"https:\/\/acontecenafronteira.com.br\/?p=33057"},"modified":"2026-09-01T06:36:35","modified_gmt":"2026-09-01T09:36:35","slug":"frente-fria-no-rio-traz-ventos-de-76-km-h-e-chuva","status":"publish","type":"post","link":"https:\/\/acontecenafronteira.com.br\/index.php\/2026\/09\/01\/frente-fria-no-rio-traz-ventos-de-76-km-h-e-chuva\/","title":{"rendered":"Frente fria no Rio traz ventos de 76 km\/h e chuva"},"content":{"rendered":"<p>O Rio de Janeiro amanheceu com forte ventania nesta ter\u00e7a-feira, com rajadas que podem atingir at\u00e9 76 km\/h, conforme alerta emitido pelo Centro de Opera\u00e7\u00f5es e Resili\u00eancia (COR) da prefeitura.<\/p>\n<h2>Previs\u00e3o do tempo para a semana<\/h2>\n<p>O fen\u00f4meno meteorol\u00f3gico \u00e9 motivado pelo deslocamento de uma frente fria pela regi\u00e3o metropolitana. A ter\u00e7a-feira ser\u00e1 marcada por aumento de nuvens, chuvas fracas a moderadas no per\u00edodo matutino e pancadas mais intensas acompanhadas de raios a partir da tarde, com term\u00f4metros variando entre 19\u00b0C e 30\u00b0C.<\/p>\n<h3>Mudan\u00e7as nos pr\u00f3ximos dias<\/h3>\n<p>Na quarta-feira, a instabilidade continua com chuvas fortes at\u00e9 a madrugada, enfraquecendo para chuviscos isolados depois, enquanto os ventos seguem moderados pela manh\u00e3 e h\u00e1 queda nas temperaturas. O cen\u00e1rio melhora na quinta e sexta-feira, com diminui\u00e7\u00e3o das nuvens, c\u00e9u parcialmente nublado, aus\u00eancia de chuvas, ventos moderados e eleva\u00e7\u00e3o t\u00e9rmica. No entanto, o tempo volta a mudar no s\u00e1bado, quando chuvas fracas a moderadas retornam \u00e0 tarde e os term\u00f4metros entram em decl\u00ednio.<\/p>\n<h2>Orienta\u00e7\u00f5es de seguran\u00e7a do COR<\/h2>\n<p>Diante das condi\u00e7\u00f5es adversas, o \u00f3rg\u00e3o municipal recomenda cautela redobrada. Em caso de alagamentos, \u00e9 fundamental n\u00e3o for\u00e7ar a travessia a p\u00e9, de bicicleta ou de carro devido aos riscos de correntezas, buracos e doen\u00e7as. Tamb\u00e9m \u00e9 aconselh\u00e1vel manter dist\u00e2ncia de rios e c\u00f3rregos, al\u00e9m de acender os far\u00f3is ao dirigir e buscar abrigo seguro.<\/p>\n<h3>Cuidados dentro de casa<\/h3>\n<p>No interior das resid\u00eancias, feche portas, janelas e basculantes para evitar correntes de ar intensas, al\u00e9m de recolher persianas e cortinas para conter estilha\u00e7os caso algum vidro quebre. Desligue aparelhos da tomada e feche o registro de g\u00e1s para prevenir acidentes em caso de quedas de \u00e1rvores. Retire objetos altos que possam despencar, cuide da poda do jardim e tenha cautela com o uso de velas durante blecautes.<\/p>\n<h3>Precau\u00e7\u00f5es nas ruas<\/h3>\n<p>Nas vias p\u00fablicas, jamais busque abrigo sob \u00e1rvores ou estruturas met\u00e1licas, fuja de \u00e1reas altas sem prote\u00e7\u00e3o, encostas e precip\u00edcios, e suspenda atividades esportivas ao ar livre, sobretudo no mar. Fique longe de cabos el\u00e9tricos, outdoors, andaimes e placas, evite estacionar perto de torres de transmiss\u00e3o, n\u00e3o fa\u00e7a queimadas e lembre-se de que fios rompidos por quedas de \u00e1rvores representam grave perigo de choque el\u00e9trico.<\/p>\n<p>Por Reda\u00e7\u00e3o Acontece<\/p>\n<p>Foto: Divulga\u00e7\u00e3o\/Prefeitura do Rio<\/p>\n","protected":false},"excerpt":{"rendered":"<p>O Rio de Janeiro amanheceu com forte ventania nesta ter\u00e7a-feira, com rajadas que podem atingir at\u00e9 76 km\/h, conforme alerta emitido pelo Centro de Opera\u00e7\u00f5es e Resili\u00eancia (COR) da prefeitura. Previs\u00e3o do tempo para a semana O fen\u00f4meno meteorol\u00f3gico \u00e9 motivado pelo deslocamento de uma frente fria pela regi\u00e3o metropolitana. A ter\u00e7a-feira ser\u00e1 marcada por [&hellip;]<\/p>\n","protected":false},"author":0,"featured_media":33062,"comment_status":"open","ping_status":"open","sticky":false,"template":"","format":"standard","meta":{"footnotes":""},"categories":[28],"tags":[],"class_list":["post-33057","post","type-post","status-publish","format-standard","has-post-thumbnail","hentry","category-mundo"],"_links":{"self":[{"href":"https:\/\/acontecenafronteira.com.br\/index.php\/wp-json\/wp\/v2\/posts\/33057","targetHints":{"allow":["GET"]}}],"collection":[{"href":"https:\/\/acontecenafronteira.com.br\/index.php\/wp-json\/wp\/v2\/posts"}],"about":[{"href":"https:\/\/acontecenafronteira.com.br\/index.php\/wp-json\/wp\/v2\/types\/post"}],"replies":[{"embeddable":true,"href":"https:\/\/acontecenafronteira.com.br\/index.php\/wp-json\/wp\/v2\/comments?post=33057"}],"version-history":[{"count":1,"href":"https:\/\/acontecenafronteira.com.br\/index.php\/wp-json\/wp\/v2\/posts\/33057\/revisions"}],"predecessor-version":[{"id":33061,"href":"https:\/\/acontecenafronteira.com.br\/index.php\/wp-json\/wp\/v2\/posts\/33057\/revisions\/33061"}],"wp:featuredmedia":[{"embeddable":true,"href":"https:\/\/acontecenafronteira.com.br\/index.php\/wp-json\/wp\/v2\/media\/33062"}],"wp:attachment":[{"href":"https:\/\/acontecenafronteira.com.br\/index.php\/wp-json\/wp\/v2\/media?parent=33057"}],"wp:term":[{"taxonomy":"category","embeddable":true,"href":"https:\/\/acontecenafronteira.com.br\/index.php\/wp-json\/wp\/v2\/categories?post=33057"},{"taxonomy":"post_tag","embeddable":true,"href":"https:\/\/acontecenafronteira.com.br\/index.php\/wp-json\/wp\/v2\/tags?post=33057"}],"curies":[{"name":"wp","href":"https:\/\/api.w.org\/{rel}","templated":true}]}}