{"id":33050,"date":"2026-09-01T05:37:29","date_gmt":"2026-09-01T08:37:29","guid":{"rendered":"https:\/\/acontecenafronteira.com.br\/?p=33050"},"modified":"2026-09-01T05:37:29","modified_gmt":"2026-09-01T08:37:29","slug":"ataque-russo-deixa-12-mortos-e-dezenas-de-feridos-na-ucrania","status":"publish","type":"post","link":"https:\/\/acontecenafronteira.com.br\/index.php\/2026\/09\/01\/ataque-russo-deixa-12-mortos-e-dezenas-de-feridos-na-ucrania\/","title":{"rendered":"Ataque russo deixa 12 mortos e dezenas de feridos na Ucr\u00e2nia"},"content":{"rendered":"<p>Uma nova ofensiva militar da R\u00fassia contra territ\u00f3rio ucraniano resultou na morte de pelo menos 12 pessoas e deixou 17 feridos nesta ter\u00e7a-feira (1\u00ba\/9), atingindo tanto \u00e1reas civis quanto setores estrat\u00e9gicos de transporte e energia.<\/p>\n<h2>Impacto em \u00e1reas residenciais e ferrovi\u00e1rias<\/h2>\n<p>Em Boryspil, um pr\u00e9dio residencial de cinco andares foi severamente danificado, resultando em quatro \u00f3bitos e 13 feridos. Simultaneamente, na capital Kiev, um bombardeio direcionado a um dep\u00f3sito ferrovi\u00e1rio causou a morte de outras sete pessoas. A gravidade dos danos exigiu a mobiliza\u00e7\u00e3o de cerca de 350 equipes de socorro para atuar na regi\u00e3o metropolitana.<\/p>\n<h2>Apelo por defesa antia\u00e9rea<\/h2>\n<p>Diante do cen\u00e1rio de destrui\u00e7\u00e3o, o presidente ucraniano, Volodymyr Zelensky, criticou a estrat\u00e9gia militar de Moscou e cobrou o envio urgente de armamentos. Segundo o l\u00edder do pa\u00eds, as investidas russas s\u00e3o calculadas para infligir o m\u00e1ximo de danos civis e s\u00f3 encontram espa\u00e7o devido \u00e0 defasagem nos sistemas de defesa antia\u00e9rea locais.<\/p>\n<h2>Posicionamento oficial de Moscou<\/h2>\n<p>Por outro lado, o governo russo justificou a ofensiva classificando a a\u00e7\u00e3o como um ataque em massa com armamentos de alta precis\u00e3o. De acordo com Moscou, os alvos da opera\u00e7\u00e3o foram exclusivamente instala\u00e7\u00f5es ligadas ao setor energ\u00e9tico, de combust\u00edveis e ao complexo militar-industrial ucraniano, al\u00e9m de provocar blecautes em milhares de resid\u00eancias na regi\u00e3o de Odesa.<\/p>\n<p>Por Reda\u00e7\u00e3o Acontece<\/p>\n<p>Foto: Divulga\u00e7\u00e3o\/Governo da Ucr\u00e2nia<\/p>\n","protected":false},"excerpt":{"rendered":"<p>Uma nova ofensiva militar da R\u00fassia contra territ\u00f3rio ucraniano resultou na morte de pelo menos 12 pessoas e deixou 17 feridos nesta ter\u00e7a-feira (1\u00ba\/9), atingindo tanto \u00e1reas civis quanto setores estrat\u00e9gicos de transporte e energia. Impacto em \u00e1reas residenciais e ferrovi\u00e1rias Em Boryspil, um pr\u00e9dio residencial de cinco andares foi severamente danificado, resultando em quatro [&hellip;]<\/p>\n","protected":false},"author":0,"featured_media":33055,"comment_status":"open","ping_status":"open","sticky":false,"template":"","format":"standard","meta":{"footnotes":""},"categories":[6],"tags":[],"class_list":["post-33050","post","type-post","status-publish","format-standard","has-post-thumbnail","hentry","category-mercosul"],"_links":{"self":[{"href":"https:\/\/acontecenafronteira.com.br\/index.php\/wp-json\/wp\/v2\/posts\/33050","targetHints":{"allow":["GET"]}}],"collection":[{"href":"https:\/\/acontecenafronteira.com.br\/index.php\/wp-json\/wp\/v2\/posts"}],"about":[{"href":"https:\/\/acontecenafronteira.com.br\/index.php\/wp-json\/wp\/v2\/types\/post"}],"replies":[{"embeddable":true,"href":"https:\/\/acontecenafronteira.com.br\/index.php\/wp-json\/wp\/v2\/comments?post=33050"}],"version-history":[{"count":1,"href":"https:\/\/acontecenafronteira.com.br\/index.php\/wp-json\/wp\/v2\/posts\/33050\/revisions"}],"predecessor-version":[{"id":33054,"href":"https:\/\/acontecenafronteira.com.br\/index.php\/wp-json\/wp\/v2\/posts\/33050\/revisions\/33054"}],"wp:featuredmedia":[{"embeddable":true,"href":"https:\/\/acontecenafronteira.com.br\/index.php\/wp-json\/wp\/v2\/media\/33055"}],"wp:attachment":[{"href":"https:\/\/acontecenafronteira.com.br\/index.php\/wp-json\/wp\/v2\/media?parent=33050"}],"wp:term":[{"taxonomy":"category","embeddable":true,"href":"https:\/\/acontecenafronteira.com.br\/index.php\/wp-json\/wp\/v2\/categories?post=33050"},{"taxonomy":"post_tag","embeddable":true,"href":"https:\/\/acontecenafronteira.com.br\/index.php\/wp-json\/wp\/v2\/tags?post=33050"}],"curies":[{"name":"wp","href":"https:\/\/api.w.org\/{rel}","templated":true}]}}