{"id":33028,"date":"2026-09-01T04:37:32","date_gmt":"2026-09-01T07:37:32","guid":{"rendered":"https:\/\/acontecenafronteira.com.br\/?p=33028"},"modified":"2026-09-01T04:37:32","modified_gmt":"2026-09-01T07:37:32","slug":"augusto-cury-dispara-e-balanca-polarizacao-na-eleicao-presidencial","status":"publish","type":"post","link":"https:\/\/acontecenafronteira.com.br\/index.php\/2026\/09\/01\/augusto-cury-dispara-e-balanca-polarizacao-na-eleicao-presidencial\/","title":{"rendered":"Augusto Cury dispara e balan\u00e7a polariza\u00e7\u00e3o na elei\u00e7\u00e3o presidencial"},"content":{"rendered":"<p>Augusto Cury dispara e balan\u00e7a polariza\u00e7\u00e3o na elei\u00e7\u00e3o presidencial O crescimento do escritor Augusto Cury nas pesquisas reacende a disputa da terceira via para a Presid\u00eancia da Rep\u00fablica em 2026. Confira os detalhes. O cen\u00e1rio da corrida presidencial de 2026 sofreu uma reviravolta expressiva com o salto nas inten\u00e7\u00f5es de voto do escritor <strong>Augusto Cury<\/strong> (Avante). O desempenho recente do candidato recolocou em debate a viabilidade de uma <strong>terceira via<\/strong> capaz de desafiar o tradicional antagonismo entre o atual presidente <strong>Luiz In\u00e1cio Lula da Silva<\/strong> (PT) e o senador <strong>Fl\u00e1vio Bolsonaro<\/strong> (PL-RJ). <\/p>\n<h2>O salto duplo nas pesquisas de inten\u00e7\u00e3o de voto<\/h2>\n<p> Novos levantamentos divulgados indicam um avan\u00e7o expressivo do postulante do Avante. Na pesquisa <i>AtlasIntel<\/i>, os n\u00fameros do candidato subiram de 1,6% para 7,8%. J\u00e1 no instituto <i>BTG\/Nexus<\/i>, o salto foi ainda mais expressivo, passando de 2% para 11% das inten\u00e7\u00f5es de voto. Com esses \u00edndices, Cury consolidou-se na terceira coloca\u00e7\u00e3o em ambos os cen\u00e1rios e quebrou uma barreira importante: tornou-se o primeiro concorrente fora do eixo polarizado a alcan\u00e7ar a faixa de dois d\u00edgitos em uma sondagem nacional para o Pal\u00e1cio do Planalto neste ciclo eleitoral. <\/p>\n<h2>O impacto das redes sociais e debates<\/h2>\n<p> Especialistas apontam que a guinada est\u00e1 diretamente relacionada \u00e0 forte repercuss\u00e3o das apari\u00e7\u00f5es p\u00fablicas de Cury, especialmente ap\u00f3s a sabatina no <i>Jornal Nacional<\/i> e os debates televisivos. O engajamento digital gerou um volume massivo de buscas na internet, colocando o nome do escritor entre os mais procurados do pa\u00eds e ampliando sua visibilidade perante eleitores indecisos. Analistas pol\u00edticos destacam que a postura adotada pelo candidato \u2014 com tom mais brando e focado em propostas focadas em <strong>sa\u00fade mental<\/strong> e <strong>educa\u00e7\u00e3o<\/strong> \u2014 ajudou a atrair eleitores insatisfeitos tanto com a base governista quanto com o bloco bolsonarista, al\u00e9m de conquistar apoios importantes no eleitorado que votou em Jair Bolsonaro no pleito anterior. <\/p>\n<h2>Desafios e perspectivas para a campanha<\/h2>\n<p> Apesar do otimismo com o chamado <i>hype<\/i> eleitoral, os respons\u00e1veis pelas pesquisas alertam que o desafio real ser\u00e1 a manuten\u00e7\u00e3o desses \u00edndices nas pr\u00f3ximas semanas. A campanha de Cury aposta na continuidade da estrat\u00e9gia digital e na apresenta\u00e7\u00e3o de solu\u00e7\u00f5es pragm\u00e1ticas para conter os ataques que j\u00e1 come\u00e7am a surgir nos bastidores de advers\u00e1rios preocupados com o avan\u00e7o. Por Reda\u00e7\u00e3o Acontece Reprodu\u00e7\u00e3o\/TV Globo<\/p>\n","protected":false},"excerpt":{"rendered":"<p>Augusto Cury dispara e balan\u00e7a polariza\u00e7\u00e3o na elei\u00e7\u00e3o presidencial O crescimento do escritor Augusto Cury nas pesquisas reacende a disputa da terceira via para a Presid\u00eancia da Rep\u00fablica em 2026. Confira os detalhes. O cen\u00e1rio da corrida presidencial de 2026 sofreu uma reviravolta expressiva com o salto nas inten\u00e7\u00f5es de voto do escritor Augusto Cury [&hellip;]<\/p>\n","protected":false},"author":0,"featured_media":33033,"comment_status":"open","ping_status":"open","sticky":false,"template":"","format":"standard","meta":{"footnotes":""},"categories":[6],"tags":[],"class_list":["post-33028","post","type-post","status-publish","format-standard","has-post-thumbnail","hentry","category-mercosul"],"_links":{"self":[{"href":"https:\/\/acontecenafronteira.com.br\/index.php\/wp-json\/wp\/v2\/posts\/33028","targetHints":{"allow":["GET"]}}],"collection":[{"href":"https:\/\/acontecenafronteira.com.br\/index.php\/wp-json\/wp\/v2\/posts"}],"about":[{"href":"https:\/\/acontecenafronteira.com.br\/index.php\/wp-json\/wp\/v2\/types\/post"}],"replies":[{"embeddable":true,"href":"https:\/\/acontecenafronteira.com.br\/index.php\/wp-json\/wp\/v2\/comments?post=33028"}],"version-history":[{"count":1,"href":"https:\/\/acontecenafronteira.com.br\/index.php\/wp-json\/wp\/v2\/posts\/33028\/revisions"}],"predecessor-version":[{"id":33032,"href":"https:\/\/acontecenafronteira.com.br\/index.php\/wp-json\/wp\/v2\/posts\/33028\/revisions\/33032"}],"wp:featuredmedia":[{"embeddable":true,"href":"https:\/\/acontecenafronteira.com.br\/index.php\/wp-json\/wp\/v2\/media\/33033"}],"wp:attachment":[{"href":"https:\/\/acontecenafronteira.com.br\/index.php\/wp-json\/wp\/v2\/media?parent=33028"}],"wp:term":[{"taxonomy":"category","embeddable":true,"href":"https:\/\/acontecenafronteira.com.br\/index.php\/wp-json\/wp\/v2\/categories?post=33028"},{"taxonomy":"post_tag","embeddable":true,"href":"https:\/\/acontecenafronteira.com.br\/index.php\/wp-json\/wp\/v2\/tags?post=33028"}],"curies":[{"name":"wp","href":"https:\/\/api.w.org\/{rel}","templated":true}]}}