{"id":33020,"date":"2026-09-01T04:37:11","date_gmt":"2026-09-01T07:37:11","guid":{"rendered":"https:\/\/acontecenafronteira.com.br\/?p=33020"},"modified":"2026-09-01T04:37:11","modified_gmt":"2026-09-01T07:37:11","slug":"quem-ama-cuida-dina-chora-no-tumulo-de-francesca-e-pede-perdao","status":"publish","type":"post","link":"https:\/\/acontecenafronteira.com.br\/index.php\/2026\/09\/01\/quem-ama-cuida-dina-chora-no-tumulo-de-francesca-e-pede-perdao\/","title":{"rendered":"Quem ama cuida: Din\u00e1 chora no t\u00famulo de Francesca e pede perd\u00e3o"},"content":{"rendered":"<p>Nos pr\u00f3ximos cap\u00edtulos da novela <strong>Quem ama cuida<\/strong>, o p\u00fablico acompanhar\u00e1 uma reviravolta dram\u00e1tica envolvendo a governanta Din\u00e1, interpretada por Rosi Campos. A personagem, que costuma esconder segredos profundos, protagonizar\u00e1 um momento de forte emo\u00e7\u00e3o ao visitar o cemit\u00e9rio.<\/p>\n<h2>O pedido de perd\u00e3o no t\u00famulo de Francesca<\/h2>\n<p>Sozinha, Din\u00e1 ir\u00e1 at\u00e9 o t\u00famulo de Francesca, papel de Nathalia Dill, para fazer uma confiss\u00e3o surpreendente e pedir perd\u00e3o. O que ela n\u00e3o imagina \u00e9 que n\u00e3o estar\u00e1 totalmente oculta durante o momento de vulnerabilidade. De longe, Otoniel, vivido por Tony Ramos, observar\u00e1 cada passo da cena com aten\u00e7\u00e3o, gerando ainda mais suspense na trama.<\/p>\n<h2>A investiga\u00e7\u00e3o de Adriana<\/h2>\n<p>Ainda no mesmo cap\u00edtulo, previsto para ir ao ar ao longo desta semana, Adriana, interpretada por Let\u00edcia Colin, decidir\u00e1 mergulhar de cabe\u00e7a no passado da ex-funcion\u00e1ria de Arthur Brand\u00e3o, personagem de Antonio Fagundes. Consciente da paix\u00e3o que a governanta nutria pelo empres\u00e1rio, a jovem ir\u00e1 atr\u00e1s de respostas.<\/p>\n<p>Para desvendar como Din\u00e1 se aproximou do ex-marido, Adriana procurar\u00e1 Edvaldo, antigo secret\u00e1rio particular de Arthur vivido por Guilherme Piva. A conversa com o ex-colaborador promete trazer \u00e0 tona detalhes cruciais sobre a chegada da governanta \u00e0 vida do rica\u00e7o, movimentando os pr\u00f3ximos epis\u00f3dios do folhetim.<\/p>\n<p>Por Reda\u00e7\u00e3o Acontece<\/p>\n<p>Cr\u00e9ditos da imagem: Divulga\u00e7\u00e3o\/TV Globo<\/p>\n","protected":false},"excerpt":{"rendered":"<p>Nos pr\u00f3ximos cap\u00edtulos da novela Quem ama cuida, o p\u00fablico acompanhar\u00e1 uma reviravolta dram\u00e1tica envolvendo a governanta Din\u00e1, interpretada por Rosi Campos. A personagem, que costuma esconder segredos profundos, protagonizar\u00e1 um momento de forte emo\u00e7\u00e3o ao visitar o cemit\u00e9rio. O pedido de perd\u00e3o no t\u00famulo de Francesca Sozinha, Din\u00e1 ir\u00e1 at\u00e9 o t\u00famulo de Francesca, [&hellip;]<\/p>\n","protected":false},"author":0,"featured_media":33026,"comment_status":"open","ping_status":"open","sticky":false,"template":"","format":"standard","meta":{"footnotes":""},"categories":[28],"tags":[],"class_list":["post-33020","post","type-post","status-publish","format-standard","has-post-thumbnail","hentry","category-mundo"],"_links":{"self":[{"href":"https:\/\/acontecenafronteira.com.br\/index.php\/wp-json\/wp\/v2\/posts\/33020","targetHints":{"allow":["GET"]}}],"collection":[{"href":"https:\/\/acontecenafronteira.com.br\/index.php\/wp-json\/wp\/v2\/posts"}],"about":[{"href":"https:\/\/acontecenafronteira.com.br\/index.php\/wp-json\/wp\/v2\/types\/post"}],"replies":[{"embeddable":true,"href":"https:\/\/acontecenafronteira.com.br\/index.php\/wp-json\/wp\/v2\/comments?post=33020"}],"version-history":[{"count":1,"href":"https:\/\/acontecenafronteira.com.br\/index.php\/wp-json\/wp\/v2\/posts\/33020\/revisions"}],"predecessor-version":[{"id":33025,"href":"https:\/\/acontecenafronteira.com.br\/index.php\/wp-json\/wp\/v2\/posts\/33020\/revisions\/33025"}],"wp:featuredmedia":[{"embeddable":true,"href":"https:\/\/acontecenafronteira.com.br\/index.php\/wp-json\/wp\/v2\/media\/33026"}],"wp:attachment":[{"href":"https:\/\/acontecenafronteira.com.br\/index.php\/wp-json\/wp\/v2\/media?parent=33020"}],"wp:term":[{"taxonomy":"category","embeddable":true,"href":"https:\/\/acontecenafronteira.com.br\/index.php\/wp-json\/wp\/v2\/categories?post=33020"},{"taxonomy":"post_tag","embeddable":true,"href":"https:\/\/acontecenafronteira.com.br\/index.php\/wp-json\/wp\/v2\/tags?post=33020"}],"curies":[{"name":"wp","href":"https:\/\/api.w.org\/{rel}","templated":true}]}}