{"id":33008,"date":"2026-09-01T04:36:35","date_gmt":"2026-09-01T07:36:35","guid":{"rendered":"https:\/\/acontecenafronteira.com.br\/?p=33008"},"modified":"2026-09-01T04:36:35","modified_gmt":"2026-09-01T07:36:35","slug":"eleicoes-2026-sergio-moro-cumpre-agenda-de-campanha-em-sp","status":"publish","type":"post","link":"https:\/\/acontecenafronteira.com.br\/index.php\/2026\/09\/01\/eleicoes-2026-sergio-moro-cumpre-agenda-de-campanha-em-sp\/","title":{"rendered":"Elei\u00e7\u00f5es 2026: Sergio Moro cumpre agenda de campanha em SP"},"content":{"rendered":"<p>O candidato ao governo do estado do Paran\u00e1, <strong>Sergio Moro (PL)<\/strong>, realiza seus compromissos de campanha nesta segunda-feira (31) em solo paulista.<\/p>\n<h2>Agenda em S\u00e3o Paulo<\/h2>\n<p>A programa\u00e7\u00e3o do pol\u00edtico inclui a participa\u00e7\u00e3o em um importante congresso de seguran\u00e7a p\u00fablica promovido pela Federa\u00e7\u00e3o das Ind\u00fastrias do Estado de S\u00e3o Paulo (Fiesp). Para encerrar o dia de atividades, a agenda prev\u00ea a participa\u00e7\u00e3o em um podcast \u00e0s 19h30.<\/p>\n<h2>Calend\u00e1rio das Elei\u00e7\u00f5es 2026<\/h2>\n<p>Oficialmente iniciada em 16 de agosto em todo o territ\u00f3rio nacional, a campanha eleitoral autoriza os concorrentes a realizarem com\u00edcios, caminhadas, debates, pedidos de voto e a divulga\u00e7\u00e3o de propostas atrav\u00e9s da internet, r\u00e1dio e televis\u00e3o, sempre em conformidade com as diretrizes da Justi\u00e7a Eleitoral.<\/p>\n<h2>Disputa pelo Governo do Paran\u00e1<\/h2>\n<p>Marcado para o dia 4 de outubro, o primeiro turno das <strong>elei\u00e7\u00f5es de 2026<\/strong> definir\u00e1 o futuro pol\u00edtico do estado, com um eventual segundo turno agendado para o dia 25 do mesmo m\u00eas. A corrida pelo Pal\u00e1cio Igua\u00e7u conta com oito candidatos oficializados pelos partidos: Adriano Teixeira (PCO), Alexandre Salom\u00e3o (Mobiliza), Luiz Fran\u00e7a (Miss\u00e3o), Requi\u00e3o Filho (PDT), Samuel Mattos (PSTU), Sandro Alex (PSD), S\u00e9rgio Moro (PL) e Tayn\u00e1 Miessa (UP).<\/p>\n<p>Por Reda\u00e7\u00e3o Acontece<\/p>\n<p>Edilson Rodrigues\/Ag\u00eancia Senado<\/p>\n","protected":false},"excerpt":{"rendered":"<p>O candidato ao governo do estado do Paran\u00e1, Sergio Moro (PL), realiza seus compromissos de campanha nesta segunda-feira (31) em solo paulista. Agenda em S\u00e3o Paulo A programa\u00e7\u00e3o do pol\u00edtico inclui a participa\u00e7\u00e3o em um importante congresso de seguran\u00e7a p\u00fablica promovido pela Federa\u00e7\u00e3o das Ind\u00fastrias do Estado de S\u00e3o Paulo (Fiesp). Para encerrar o dia [&hellip;]<\/p>\n","protected":false},"author":0,"featured_media":33016,"comment_status":"open","ping_status":"open","sticky":false,"template":"","format":"standard","meta":{"footnotes":""},"categories":[18],"tags":[],"class_list":["post-33008","post","type-post","status-publish","format-standard","has-post-thumbnail","hentry","category-parana"],"_links":{"self":[{"href":"https:\/\/acontecenafronteira.com.br\/index.php\/wp-json\/wp\/v2\/posts\/33008","targetHints":{"allow":["GET"]}}],"collection":[{"href":"https:\/\/acontecenafronteira.com.br\/index.php\/wp-json\/wp\/v2\/posts"}],"about":[{"href":"https:\/\/acontecenafronteira.com.br\/index.php\/wp-json\/wp\/v2\/types\/post"}],"replies":[{"embeddable":true,"href":"https:\/\/acontecenafronteira.com.br\/index.php\/wp-json\/wp\/v2\/comments?post=33008"}],"version-history":[{"count":1,"href":"https:\/\/acontecenafronteira.com.br\/index.php\/wp-json\/wp\/v2\/posts\/33008\/revisions"}],"predecessor-version":[{"id":33015,"href":"https:\/\/acontecenafronteira.com.br\/index.php\/wp-json\/wp\/v2\/posts\/33008\/revisions\/33015"}],"wp:featuredmedia":[{"embeddable":true,"href":"https:\/\/acontecenafronteira.com.br\/index.php\/wp-json\/wp\/v2\/media\/33016"}],"wp:attachment":[{"href":"https:\/\/acontecenafronteira.com.br\/index.php\/wp-json\/wp\/v2\/media?parent=33008"}],"wp:term":[{"taxonomy":"category","embeddable":true,"href":"https:\/\/acontecenafronteira.com.br\/index.php\/wp-json\/wp\/v2\/categories?post=33008"},{"taxonomy":"post_tag","embeddable":true,"href":"https:\/\/acontecenafronteira.com.br\/index.php\/wp-json\/wp\/v2\/tags?post=33008"}],"curies":[{"name":"wp","href":"https:\/\/api.w.org\/{rel}","templated":true}]}}