{"id":33007,"date":"2026-09-01T04:36:26","date_gmt":"2026-09-01T07:36:26","guid":{"rendered":"https:\/\/acontecenafronteira.com.br\/?p=33007"},"modified":"2026-09-01T04:36:26","modified_gmt":"2026-09-01T07:36:26","slug":"eleicoes-2026-conheca-os-8-candidatos-ao-governo-do-pr","status":"publish","type":"post","link":"https:\/\/acontecenafronteira.com.br\/index.php\/2026\/09\/01\/eleicoes-2026-conheca-os-8-candidatos-ao-governo-do-pr\/","title":{"rendered":"Elei\u00e7\u00f5es 2026: Conhe\u00e7a os 8 candidatos ao governo do PR"},"content":{"rendered":"<p>O estado do Paran\u00e1 conta com 8 <b>candidatos registrados<\/b> para a disputa ao governo estadual nas <b>elei\u00e7\u00f5es de 2026<\/b>, conforme as informa\u00e7\u00f5es oficiais repassadas pelo Tribunal Superior Eleitoral (TSE).<\/p>\n<h2>Calend\u00e1rio e formato do pleito<\/h2>\n<p>O primeiro turno da vota\u00e7\u00e3o est\u00e1 marcado para acontecer no dia 4 de outubro. Na hip\u00f3tese de nenhum dos concorrentes atingir a maioria absoluta dos votos v\u00e1lidos, a disputa seguir\u00e1 para o segundo turno, agendado para o dia 25 de outubro.<\/p>\n<p>No cen\u00e1rio nacional, o pa\u00eds contabiliza 158,7 milh\u00f5es de <b>eleitores aptos<\/b> a participar do pleito deste ano. Os cidad\u00e3os escolher\u00e3o representantes para os cargos de presidente, governador, senador, deputado federal e deputado estadual, todos com mandatos de quatro anos, com exce\u00e7\u00e3o do Senado, cujas cadeiras duram oito anos.<\/p>\n<h2>Nomes na disputa pelo Executivo paranaense<\/h2>\n<p>A rela\u00e7\u00e3o oficial enviada pelos partidos pol\u00edticos ao TSE traz os nomes, os respectivos <b>n\u00fameros de urna<\/b> e o status jur\u00eddico de cada postulante, indicando se est\u00e3o aptos ou inaptos pela Justi\u00e7a Eleitoral. Atualmente, todos os oito nomes constam como concorrendo, aguardando o julgamento final:<\/p>\n<p>* Adriano Funileiro (PCO) &#8211; 29 * Doutor Alexandre Salom\u00e3o (MOBILIZA) &#8211; 33 * Luiz Fran\u00e7a (MISS\u00c3O) &#8211; 14 * Requi\u00e3o Filho (PDT) &#8211; 12 * Samuel de Mattos (PSTU) &#8211; 16 * Sandro Alex (PSD) &#8211; 55 * Sergio Moro (PL) &#8211; 22 * Tayn\u00e1 Miessa (UP) &#8211; 80<\/p>\n<h2>Entenda a classifica\u00e7\u00e3o do TSE<\/h2>\n<p>As diretrizes do tribunal dividem os registros em duas categorias centrais: concorrendo e inapto. No grupo dos que est\u00e3o na disputa, entram aqueles com pedidos deferidos, deferidos com recurso, recursos pendentes ou aguardando julgamento.<\/p>\n<p>Por outro lado, a categoria de inaptos engloba candidaturas canceladas, cassadas, indeferidas, al\u00e9m de casos de ren\u00fancia, falecimento ou pedidos n\u00e3o conhecidos. O TSE ressalta que eventuais duplica\u00e7\u00f5es de nomes na plataforma ser\u00e3o mantidas temporariamente, mas apenas uma op\u00e7\u00e3o ativa constar\u00e1 at\u00e9 a data do pleito.<\/p>\n<p>Por Reda\u00e7\u00e3o Acontece<\/p>\n<p>Imagem: Divulga\u00e7\u00e3o \/ TSE<\/p>\n","protected":false},"excerpt":{"rendered":"<p>O estado do Paran\u00e1 conta com 8 candidatos registrados para a disputa ao governo estadual nas elei\u00e7\u00f5es de 2026, conforme as informa\u00e7\u00f5es oficiais repassadas pelo Tribunal Superior Eleitoral (TSE). Calend\u00e1rio e formato do pleito O primeiro turno da vota\u00e7\u00e3o est\u00e1 marcado para acontecer no dia 4 de outubro. Na hip\u00f3tese de nenhum dos concorrentes atingir [&hellip;]<\/p>\n","protected":false},"author":0,"featured_media":33014,"comment_status":"open","ping_status":"open","sticky":false,"template":"","format":"standard","meta":{"footnotes":""},"categories":[18],"tags":[],"class_list":["post-33007","post","type-post","status-publish","format-standard","has-post-thumbnail","hentry","category-parana"],"_links":{"self":[{"href":"https:\/\/acontecenafronteira.com.br\/index.php\/wp-json\/wp\/v2\/posts\/33007","targetHints":{"allow":["GET"]}}],"collection":[{"href":"https:\/\/acontecenafronteira.com.br\/index.php\/wp-json\/wp\/v2\/posts"}],"about":[{"href":"https:\/\/acontecenafronteira.com.br\/index.php\/wp-json\/wp\/v2\/types\/post"}],"replies":[{"embeddable":true,"href":"https:\/\/acontecenafronteira.com.br\/index.php\/wp-json\/wp\/v2\/comments?post=33007"}],"version-history":[{"count":1,"href":"https:\/\/acontecenafronteira.com.br\/index.php\/wp-json\/wp\/v2\/posts\/33007\/revisions"}],"predecessor-version":[{"id":33013,"href":"https:\/\/acontecenafronteira.com.br\/index.php\/wp-json\/wp\/v2\/posts\/33007\/revisions\/33013"}],"wp:featuredmedia":[{"embeddable":true,"href":"https:\/\/acontecenafronteira.com.br\/index.php\/wp-json\/wp\/v2\/media\/33014"}],"wp:attachment":[{"href":"https:\/\/acontecenafronteira.com.br\/index.php\/wp-json\/wp\/v2\/media?parent=33007"}],"wp:term":[{"taxonomy":"category","embeddable":true,"href":"https:\/\/acontecenafronteira.com.br\/index.php\/wp-json\/wp\/v2\/categories?post=33007"},{"taxonomy":"post_tag","embeddable":true,"href":"https:\/\/acontecenafronteira.com.br\/index.php\/wp-json\/wp\/v2\/tags?post=33007"}],"curies":[{"name":"wp","href":"https:\/\/api.w.org\/{rel}","templated":true}]}}