{"id":33006,"date":"2026-09-01T04:36:05","date_gmt":"2026-09-01T07:36:05","guid":{"rendered":"https:\/\/acontecenafronteira.com.br\/?p=33006"},"modified":"2026-09-01T04:36:05","modified_gmt":"2026-09-01T07:36:05","slug":"eleicoes-2026-pr-sandro-alex-agenda-compromissos-em-curitiba","status":"publish","type":"post","link":"https:\/\/acontecenafronteira.com.br\/index.php\/2026\/09\/01\/eleicoes-2026-pr-sandro-alex-agenda-compromissos-em-curitiba\/","title":{"rendered":"Elei\u00e7\u00f5es 2026 PR: Sandro Alex agenda compromissos em Curitiba"},"content":{"rendered":"<p>O candidato ao governo do Paran\u00e1 pelo PSD, Sandro Alex, intensifica sua agenda de campanha nesta segunda-feira (31) com compromissos oficiais divididos entre Curitiba e Ponta Grossa, localizada na regi\u00e3o dos Campos Gerais.<\/p>\n<h2>Agenda matutina e compromissos institucionais<\/h2>\n<p>\nAs atividades do pol\u00edtico come\u00e7am logo cedo com uma reuni\u00e3o estrat\u00e9gica no Sindicato dos M\u00e9dicos Veterin\u00e1rios no Estado do Paran\u00e1. No per\u00edodo da manh\u00e3, o candidato tamb\u00e9m dedica parte de seu tempo \u00e0 produ\u00e7\u00e3o de material audiovisual para a propaganda eleitoral.<\/p>\n<h2>Entrevistas e visitas na parte da tarde<\/h2>\n<p>\nDurante o turno vespertino, a programa\u00e7\u00e3o inclui entrevistas exclusivas para uma emissora de televis\u00e3o e para um portal de not\u00edcias regional. Al\u00e9m disso, est\u00e3o previstas visitas institucionais a diferentes empresas paranaenses.<\/p>\n<h2>Posse na UEPG encerra o dia<\/h2>\n<p>\nO encerramento da agenda oficial ocorre \u00e0s 18h, hor\u00e1rio em que o candidato confirmou presen\u00e7a na solenidade de posse do novo reitor da Universidade Estadual de Ponta Grossa (UEPG).<\/p>\n<h2>Panorama da corrida eleitoral no estado<\/h2>\n<p>\nOficialmente iniciada em 16 de agosto, a campanha em todo o territ\u00f3rio nacional permite a realiza\u00e7\u00e3o de com\u00edcios, caminhadas, debates e pedidos diretos de votos, tanto nas ruas quanto na internet e nos meios de comunica\u00e7\u00e3o de massa.<\/p>\n<p>O pleito estadual conta com oito postulantes ao comando do Executivo paranaense: Adriano Teixeira (PCO), Alexandre Salom\u00e3o (Mobiliza), Luiz Fran\u00e7a (Miss\u00e3o), Requi\u00e3o Filho (PDT), Samuel Mattos (PSTU), Sandro Alex (PSD), S\u00e9rgio Moro (PL) e Tayn\u00e1 Miessa (UP). O primeiro turno est\u00e1 agendado para 4 de outubro, enquanto uma eventual segunda etapa ocorrer\u00e1 em 25 de outubro.<\/p>\n<p>Por Reda\u00e7\u00e3o Acontece<\/p>\n<p>Kayo Magalhaes\/C\u00e2mara dos Deputados<\/p>\n","protected":false},"excerpt":{"rendered":"<p>O candidato ao governo do Paran\u00e1 pelo PSD, Sandro Alex, intensifica sua agenda de campanha nesta segunda-feira (31) com compromissos oficiais divididos entre Curitiba e Ponta Grossa, localizada na regi\u00e3o dos Campos Gerais. Agenda matutina e compromissos institucionais As atividades do pol\u00edtico come\u00e7am logo cedo com uma reuni\u00e3o estrat\u00e9gica no Sindicato dos M\u00e9dicos Veterin\u00e1rios no [&hellip;]<\/p>\n","protected":false},"author":0,"featured_media":33012,"comment_status":"open","ping_status":"open","sticky":false,"template":"","format":"standard","meta":{"footnotes":""},"categories":[18],"tags":[],"class_list":["post-33006","post","type-post","status-publish","format-standard","has-post-thumbnail","hentry","category-parana"],"_links":{"self":[{"href":"https:\/\/acontecenafronteira.com.br\/index.php\/wp-json\/wp\/v2\/posts\/33006","targetHints":{"allow":["GET"]}}],"collection":[{"href":"https:\/\/acontecenafronteira.com.br\/index.php\/wp-json\/wp\/v2\/posts"}],"about":[{"href":"https:\/\/acontecenafronteira.com.br\/index.php\/wp-json\/wp\/v2\/types\/post"}],"replies":[{"embeddable":true,"href":"https:\/\/acontecenafronteira.com.br\/index.php\/wp-json\/wp\/v2\/comments?post=33006"}],"version-history":[{"count":1,"href":"https:\/\/acontecenafronteira.com.br\/index.php\/wp-json\/wp\/v2\/posts\/33006\/revisions"}],"predecessor-version":[{"id":33011,"href":"https:\/\/acontecenafronteira.com.br\/index.php\/wp-json\/wp\/v2\/posts\/33006\/revisions\/33011"}],"wp:featuredmedia":[{"embeddable":true,"href":"https:\/\/acontecenafronteira.com.br\/index.php\/wp-json\/wp\/v2\/media\/33012"}],"wp:attachment":[{"href":"https:\/\/acontecenafronteira.com.br\/index.php\/wp-json\/wp\/v2\/media?parent=33006"}],"wp:term":[{"taxonomy":"category","embeddable":true,"href":"https:\/\/acontecenafronteira.com.br\/index.php\/wp-json\/wp\/v2\/categories?post=33006"},{"taxonomy":"post_tag","embeddable":true,"href":"https:\/\/acontecenafronteira.com.br\/index.php\/wp-json\/wp\/v2\/tags?post=33006"}],"curies":[{"name":"wp","href":"https:\/\/api.w.org\/{rel}","templated":true}]}}