{"id":33005,"date":"2026-09-01T04:35:55","date_gmt":"2026-09-01T07:35:55","guid":{"rendered":"https:\/\/acontecenafronteira.com.br\/?p=33005"},"modified":"2026-09-01T04:35:55","modified_gmt":"2026-09-01T07:35:55","slug":"aviao-da-latam-sai-da-pista-no-parana-com-151-pessoas","status":"publish","type":"post","link":"https:\/\/acontecenafronteira.com.br\/index.php\/2026\/09\/01\/aviao-da-latam-sai-da-pista-no-parana-com-151-pessoas\/","title":{"rendered":"Avi\u00e3o da Latam sai da pista no Paran\u00e1 com 151 pessoas"},"content":{"rendered":"<p>Um avi\u00e3o comercial da Latam ultrapassou os limites da pista durante o pouso no Aeroporto Regional de Cascavel, localizado no oeste do Paran\u00e1, na manh\u00e3 desta segunda-feira (31). A aeronave transportava 145 passageiros e seis tripulantes, totalizando 151 pessoas a bordo. Apesar do susto, nenhum ocupante ficou ferido ap\u00f3s o ve\u00edculo parar em uma \u00e1rea de lama ao lado do pavimento.<\/p>\n<h2>Investiga\u00e7\u00e3o oficial do Cenipa<\/h2>\n<p>O <strong>Centro de Investiga\u00e7\u00e3o e Preven\u00e7\u00e3o de Acidentes Aeron\u00e1uticos (Cenipa)<\/strong> foi acionado imediatamente para conduzir a A\u00e7\u00e3o Inicial da ocorr\u00eancia. Os especialistas utilizam t\u00e9cnicas avan\u00e7adas para coletar dados, verificar danos materiais e levantar informa\u00e7\u00f5es cruciais que ajudem a esclarecer as causas do incidente com o <strong>voo LA3858<\/strong>, que havia decolado de Guarulhos (SP).<\/p>\n<h2>Procedimentos de seguran\u00e7a e avia\u00e7\u00e3o<\/h2>\n<p>Durante esta fase inicial, os investigadores re\u00fanem elementos fundamentais para as pr\u00f3ximas etapas do processo. O objetivo principal do \u00f3rg\u00e3o militar \u00e9 identificar poss\u00edveis fatores contribuintes e emitir recomenda\u00e7\u00f5es de seguran\u00e7a para evitar novos epis\u00f3dios semelhantes, sem focar em apura\u00e7\u00e3o de culpa ou responsabilidade civil e criminal.<\/p>\n<h2>Impacto na opera\u00e7\u00e3o do aeroporto<\/h2>\n<p>O incidente ocorreu por volta das 9h45 e provocou o fechamento tempor\u00e1rio do terminal paranaense para pousos e decolagens at\u00e9 a remo\u00e7\u00e3o completa da aeronave. O voo de retorno para S\u00e3o Paulo foi cancelado pelas autoridades da companhia a\u00e9rea.<\/p>\n<h2>Assist\u00eancia aos passageiros afetados<\/h2>\n<p>Em nota oficial, a <strong>Latam<\/strong> informou que prestou todo o suporte necess\u00e1rio aos clientes e \u00e0 tripula\u00e7\u00e3o, al\u00e9m de colaborar integralmente com os \u00f3rg\u00e3os competentes. Os passageiros que seguiriam viagem foram realocados em outras opera\u00e7\u00f5es partindo de Foz do Igua\u00e7u, tamb\u00e9m no oeste paranaense.<\/p>\n<p>Por Reda\u00e7\u00e3o Acontece<\/p>\n<p>Arte\/ g1<\/p>\n","protected":false},"excerpt":{"rendered":"<p>Um avi\u00e3o comercial da Latam ultrapassou os limites da pista durante o pouso no Aeroporto Regional de Cascavel, localizado no oeste do Paran\u00e1, na manh\u00e3 desta segunda-feira (31). A aeronave transportava 145 passageiros e seis tripulantes, totalizando 151 pessoas a bordo. Apesar do susto, nenhum ocupante ficou ferido ap\u00f3s o ve\u00edculo parar em uma \u00e1rea [&hellip;]<\/p>\n","protected":false},"author":0,"featured_media":33010,"comment_status":"open","ping_status":"open","sticky":false,"template":"","format":"standard","meta":{"footnotes":""},"categories":[18],"tags":[],"class_list":["post-33005","post","type-post","status-publish","format-standard","has-post-thumbnail","hentry","category-parana"],"_links":{"self":[{"href":"https:\/\/acontecenafronteira.com.br\/index.php\/wp-json\/wp\/v2\/posts\/33005","targetHints":{"allow":["GET"]}}],"collection":[{"href":"https:\/\/acontecenafronteira.com.br\/index.php\/wp-json\/wp\/v2\/posts"}],"about":[{"href":"https:\/\/acontecenafronteira.com.br\/index.php\/wp-json\/wp\/v2\/types\/post"}],"replies":[{"embeddable":true,"href":"https:\/\/acontecenafronteira.com.br\/index.php\/wp-json\/wp\/v2\/comments?post=33005"}],"version-history":[{"count":1,"href":"https:\/\/acontecenafronteira.com.br\/index.php\/wp-json\/wp\/v2\/posts\/33005\/revisions"}],"predecessor-version":[{"id":33009,"href":"https:\/\/acontecenafronteira.com.br\/index.php\/wp-json\/wp\/v2\/posts\/33005\/revisions\/33009"}],"wp:featuredmedia":[{"embeddable":true,"href":"https:\/\/acontecenafronteira.com.br\/index.php\/wp-json\/wp\/v2\/media\/33010"}],"wp:attachment":[{"href":"https:\/\/acontecenafronteira.com.br\/index.php\/wp-json\/wp\/v2\/media?parent=33005"}],"wp:term":[{"taxonomy":"category","embeddable":true,"href":"https:\/\/acontecenafronteira.com.br\/index.php\/wp-json\/wp\/v2\/categories?post=33005"},{"taxonomy":"post_tag","embeddable":true,"href":"https:\/\/acontecenafronteira.com.br\/index.php\/wp-json\/wp\/v2\/tags?post=33005"}],"curies":[{"name":"wp","href":"https:\/\/api.w.org\/{rel}","templated":true}]}}