{"id":32981,"date":"2026-09-01T02:37:29","date_gmt":"2026-09-01T05:37:29","guid":{"rendered":"https:\/\/acontecenafronteira.com.br\/?p=32981"},"modified":"2026-09-01T02:37:29","modified_gmt":"2026-09-01T05:37:29","slug":"ricardo-salles-explica-expressao-passar-a-boiada-e-mira-futuro-politico","status":"publish","type":"post","link":"https:\/\/acontecenafronteira.com.br\/index.php\/2026\/09\/01\/ricardo-salles-explica-expressao-passar-a-boiada-e-mira-futuro-politico\/","title":{"rendered":"Ricardo Salles explica express\u00e3o &#8220;passar a boiada&#8221; e mira futuro pol\u00edtico"},"content":{"rendered":"<p>O ex-ministro do Meio Ambiente e candidato ao Senado <b>Ricardo Salles<\/b> (Novo) afirmou que a famosa express\u00e3o <b>&#8220;passar a boiada&#8221;<\/b>, dita durante uma reuni\u00e3o ministerial em 22 de abril de 2020, tinha como \u00fanico objetivo propor uma <b>desburocratiza\u00e7\u00e3o geral<\/b> nos minist\u00e9rios do governo federal.<\/p>\n<h2>Justificativa sobre a desburocratiza\u00e7\u00e3o<\/h2>\n<p>Na \u00e9poca em que ocupava a pasta sob a gest\u00e3o do ex-presidente <b>Jair Bolsonaro<\/b> (PL), Salles sugeriu aproveitar a aten\u00e7\u00e3o da imprensa voltada para a pandemia de Covid-19 para avan\u00e7ar com altera\u00e7\u00f5es em normas ambientais. Em entrevista recente em S\u00e3o Paulo, o pol\u00edtico argumentou que o pa\u00eds sufoca quem deseja empreender.<\/p>\n<p>O Brasil \u00e9 apontado por ele como um ambiente extremamente hostil para neg\u00f3cios, repleto de exig\u00eancias burocr\u00e1ticas, licen\u00e7as complexas e uma tributa\u00e7\u00e3o considerada excessiva. O ex-ministro classificou a medida como um esfor\u00e7o necess\u00e1rio de <b>moderniza\u00e7\u00e3o das leis<\/b> e elimina\u00e7\u00e3o de entraves formais aos investimentos.<\/p>\n<h2>Controv\u00e9rsias sobre o desmatamento na Amaz\u00f4nia<\/h2>\n<h2>Contraponto ambiental e embate pol\u00edtico<\/h2>\n<p>Durante o seu per\u00edodo \u00e0 frente do Minist\u00e9rio do Meio Ambiente, os \u00edndices oficiais do <b>Instituto Nacional de Pesquisas Espaciais (Inpe)<\/b> registraram aumentos expressivos na devasta\u00e7\u00e3o da floresta amaz\u00f4nica. A \u00e1rea desmatada subiu de 7,5 mil km\u00b2 em 2018 para mais de 10 mil km\u00b2 em 2019, alcan\u00e7ando a marca de 13 mil km\u00b2 em 2021.<\/p>\n<p>Em contrapartida, a gest\u00e3o da atual advers\u00e1ria de Salles na disputa ao Senado, <b>Marina Silva<\/b>, registrou quedas expressivas nos alertas de desmatamento, contabilizando 2,8 km\u00b2 e apontando o menor patamar da s\u00e9rie hist\u00f3rica iniciada em 2016. Salles, contudo, minimizou os dados da rival e criticou a atua\u00e7\u00e3o dela em rela\u00e7\u00e3o ao <b>saneamento b\u00e1sico<\/b>, apontando o setor como o principal desafio ecol\u00f3gico do pa\u00eds.<\/p>\n<h2>Situa\u00e7\u00e3o jur\u00eddica e investiga\u00e7\u00f5es<\/h2>\n<p>Atualmente, o candidato \u00e9 r\u00e9u na Justi\u00e7a sob a acusa\u00e7\u00e3o de integrar um suposto esquema voltado a facilitar a exporta\u00e7\u00e3o de <b>madeira ilegal<\/b> extra\u00edda da Amaz\u00f4nia. Salles nega veementemente as irregularidades e sustenta que as acusa\u00e7\u00f5es de desmonte ambiental foram minuciosamente investigadas e descartadas pelo Poder Judici\u00e1rio. Segundo ele, as den\u00fancias tratavam-se de narrativas pol\u00edticas impulsionadas pelo cen\u00e1rio de forte polariza\u00e7\u00e3o contra a administra\u00e7\u00e3o federal da \u00e9poca.<\/p>\n<h2>Planos para o futuro e elei\u00e7\u00f5es municipais<\/h2>\n<p>Caso n\u00e3o conquiste uma cadeira no Senado Federal, o ex-ministro pretende retomar integralmente a sua atua\u00e7\u00e3o na \u00e1rea da advocacia. No entanto, ele n\u00e3o esconde o desejo de disputar futuramente a <b>Prefeitura de S\u00e3o Paulo<\/b>. Salles fez duras cr\u00edticas \u00e0 atual gest\u00e3o municipal comandada por Ricardo Nunes e afirmou que pretendia concorrer ao cargo executivo, demonstrando confian\u00e7a em uma eventual vit\u00f3ria nas urnas contra seus advers\u00e1rios pol\u00edticos na capital paulista.<\/p>\n<p>Por Reda\u00e7\u00e3o Acontece<\/p>\n<p>Malu Lopes\/Metr\u00f3poles<\/p>\n","protected":false},"excerpt":{"rendered":"<p>O ex-ministro do Meio Ambiente e candidato ao Senado Ricardo Salles (Novo) afirmou que a famosa express\u00e3o &#8220;passar a boiada&#8221;, dita durante uma reuni\u00e3o ministerial em 22 de abril de 2020, tinha como \u00fanico objetivo propor uma desburocratiza\u00e7\u00e3o geral nos minist\u00e9rios do governo federal. Justificativa sobre a desburocratiza\u00e7\u00e3o Na \u00e9poca em que ocupava a pasta [&hellip;]<\/p>\n","protected":false},"author":0,"featured_media":32988,"comment_status":"open","ping_status":"open","sticky":false,"template":"","format":"standard","meta":{"footnotes":""},"categories":[6],"tags":[],"class_list":["post-32981","post","type-post","status-publish","format-standard","has-post-thumbnail","hentry","category-mercosul"],"_links":{"self":[{"href":"https:\/\/acontecenafronteira.com.br\/index.php\/wp-json\/wp\/v2\/posts\/32981","targetHints":{"allow":["GET"]}}],"collection":[{"href":"https:\/\/acontecenafronteira.com.br\/index.php\/wp-json\/wp\/v2\/posts"}],"about":[{"href":"https:\/\/acontecenafronteira.com.br\/index.php\/wp-json\/wp\/v2\/types\/post"}],"replies":[{"embeddable":true,"href":"https:\/\/acontecenafronteira.com.br\/index.php\/wp-json\/wp\/v2\/comments?post=32981"}],"version-history":[{"count":1,"href":"https:\/\/acontecenafronteira.com.br\/index.php\/wp-json\/wp\/v2\/posts\/32981\/revisions"}],"predecessor-version":[{"id":32987,"href":"https:\/\/acontecenafronteira.com.br\/index.php\/wp-json\/wp\/v2\/posts\/32981\/revisions\/32987"}],"wp:featuredmedia":[{"embeddable":true,"href":"https:\/\/acontecenafronteira.com.br\/index.php\/wp-json\/wp\/v2\/media\/32988"}],"wp:attachment":[{"href":"https:\/\/acontecenafronteira.com.br\/index.php\/wp-json\/wp\/v2\/media?parent=32981"}],"wp:term":[{"taxonomy":"category","embeddable":true,"href":"https:\/\/acontecenafronteira.com.br\/index.php\/wp-json\/wp\/v2\/categories?post=32981"},{"taxonomy":"post_tag","embeddable":true,"href":"https:\/\/acontecenafronteira.com.br\/index.php\/wp-json\/wp\/v2\/tags?post=32981"}],"curies":[{"name":"wp","href":"https:\/\/api.w.org\/{rel}","templated":true}]}}