{"id":32980,"date":"2026-09-01T02:37:24","date_gmt":"2026-09-01T05:37:24","guid":{"rendered":"https:\/\/acontecenafronteira.com.br\/?p=32980"},"modified":"2026-09-01T02:37:24","modified_gmt":"2026-09-01T05:37:24","slug":"renan-santos-convoca-apoiadores-apos-tse-suspender-suas-redes","status":"publish","type":"post","link":"https:\/\/acontecenafronteira.com.br\/index.php\/2026\/09\/01\/renan-santos-convoca-apoiadores-apos-tse-suspender-suas-redes\/","title":{"rendered":"Renan Santos convoca apoiadores ap\u00f3s TSE suspender suas redes"},"content":{"rendered":"<p>O candidato \u00e0 Presid\u00eancia da Rep\u00fablica <b>Renan Santos<\/b>, representante do partido Miss\u00e3o, fez uma convoca\u00e7\u00e3o urgente aos seus eleitores para que publiquem v\u00eddeos e conte\u00fados em suas pr\u00f3prias contas, com o objetivo de minimizar os impactos da suspens\u00e3o de seus perfis digitais determinada pelo <b>Tribunal Superior Eleitoral<\/b>.<\/p>\n<h2>O impacto da puni\u00e7\u00e3o do TSE<\/h2>\n<p>\nA san\u00e7\u00e3o aplicada pelo ministro <b>Dias Toffoli<\/b> ocorreu porque o pol\u00edtico falhou em declarar, dentro do prazo legal exigido, todas as p\u00e1ginas e contas que pretendia utilizar durante a sua campanha eleitoral. Com a medida judicial, os perfis oficiais do postulante ao Planalto nas plataformas da <b>Meta<\/b> e no <b>YouTube<\/b> j\u00e1 haviam sa\u00eddo do ar.\n<\/p>\n<h2>Restri\u00e7\u00f5es severas \u00e0 campanha digital<\/h2>\n<p>\nAl\u00e9m de ficar proibido de realizar qualquer tipo de propaganda na internet \u2014 incluindo blogs, aplicativos de mensagens e redes sociais \u2014, o candidato tamb\u00e9m foi impedido de receber verbas provenientes do <b>Fundo Eleitoral<\/b> e de marcar presen\u00e7a em debates na televis\u00e3o e na internet.\n<\/p>\n<h2>Estrat\u00e9gia para recuperar o engajamento<\/h2>\n<p>\nPor meio de um \u00e1udio divulgado no aplicativo <i>Valete Plus<\/i>, o presidenci\u00e1vel expressou gratid\u00e3o aos simpatizantes que se manifestaram sobre o epis\u00f3dio e estimou que conseguir\u00e1 reverter a situa\u00e7\u00e3o e recuperar o acesso \u00e0s suas contas em um prazo de at\u00e9 48 horas.\n<\/p>\n<p>\nO pol\u00edtico enfatizou que a prioridade atual \u00e9 suprir a aus\u00eancia de canais pr\u00f3prios. Ele pediu que os correligion\u00e1rios gerem grande volume de material e alcancem altas visualiza\u00e7\u00f5es nos pr\u00f3ximos dias, classificando a mobiliza\u00e7\u00e3o como uma convoca\u00e7\u00e3o essencial para superar o obst\u00e1culo tempor\u00e1rio.\n<\/p>\n<h2>Expectativa de crescimento pol\u00edtico<\/h2>\n<p>\nMesmo diante da ofensiva jur\u00eddica e das restri\u00e7\u00f5es impostas pela Justi\u00e7a Eleitoral, o representante do Miss\u00e3o demonstrou otimismo em rela\u00e7\u00e3o ao futuro da sua candidatura. Ele afirmou estar convencido de que sua visibilidade e os \u00edndices nas pesquisas de inten\u00e7\u00e3o de voto v\u00e3o subir de qualquer maneira, caso consiga resistir politicamente aos desdobramentos da decis\u00e3o do Supremo Tribunal Federal.\n<\/p>\n<p>Por Reda\u00e7\u00e3o Acontece<\/p>\n<p>Cr\u00e9ditos da imagem: Divulga\u00e7\u00e3o \/ Campanha<\/p>\n","protected":false},"excerpt":{"rendered":"<p>O candidato \u00e0 Presid\u00eancia da Rep\u00fablica Renan Santos, representante do partido Miss\u00e3o, fez uma convoca\u00e7\u00e3o urgente aos seus eleitores para que publiquem v\u00eddeos e conte\u00fados em suas pr\u00f3prias contas, com o objetivo de minimizar os impactos da suspens\u00e3o de seus perfis digitais determinada pelo Tribunal Superior Eleitoral. O impacto da puni\u00e7\u00e3o do TSE A san\u00e7\u00e3o [&hellip;]<\/p>\n","protected":false},"author":0,"featured_media":32986,"comment_status":"open","ping_status":"open","sticky":false,"template":"","format":"standard","meta":{"footnotes":""},"categories":[6],"tags":[],"class_list":["post-32980","post","type-post","status-publish","format-standard","has-post-thumbnail","hentry","category-mercosul"],"_links":{"self":[{"href":"https:\/\/acontecenafronteira.com.br\/index.php\/wp-json\/wp\/v2\/posts\/32980","targetHints":{"allow":["GET"]}}],"collection":[{"href":"https:\/\/acontecenafronteira.com.br\/index.php\/wp-json\/wp\/v2\/posts"}],"about":[{"href":"https:\/\/acontecenafronteira.com.br\/index.php\/wp-json\/wp\/v2\/types\/post"}],"replies":[{"embeddable":true,"href":"https:\/\/acontecenafronteira.com.br\/index.php\/wp-json\/wp\/v2\/comments?post=32980"}],"version-history":[{"count":1,"href":"https:\/\/acontecenafronteira.com.br\/index.php\/wp-json\/wp\/v2\/posts\/32980\/revisions"}],"predecessor-version":[{"id":32985,"href":"https:\/\/acontecenafronteira.com.br\/index.php\/wp-json\/wp\/v2\/posts\/32980\/revisions\/32985"}],"wp:featuredmedia":[{"embeddable":true,"href":"https:\/\/acontecenafronteira.com.br\/index.php\/wp-json\/wp\/v2\/media\/32986"}],"wp:attachment":[{"href":"https:\/\/acontecenafronteira.com.br\/index.php\/wp-json\/wp\/v2\/media?parent=32980"}],"wp:term":[{"taxonomy":"category","embeddable":true,"href":"https:\/\/acontecenafronteira.com.br\/index.php\/wp-json\/wp\/v2\/categories?post=32980"},{"taxonomy":"post_tag","embeddable":true,"href":"https:\/\/acontecenafronteira.com.br\/index.php\/wp-json\/wp\/v2\/tags?post=32980"}],"curies":[{"name":"wp","href":"https:\/\/api.w.org\/{rel}","templated":true}]}}