{"id":32969,"date":"2026-09-01T02:36:59","date_gmt":"2026-09-01T05:36:59","guid":{"rendered":"https:\/\/acontecenafronteira.com.br\/?p=32969"},"modified":"2026-09-01T02:36:59","modified_gmt":"2026-09-01T05:36:59","slug":"candidatos-a-deputado-estadual-rj-2026-veja-a-lista","status":"publish","type":"post","link":"https:\/\/acontecenafronteira.com.br\/index.php\/2026\/09\/01\/candidatos-a-deputado-estadual-rj-2026-veja-a-lista\/","title":{"rendered":"Candidatos a deputado estadual RJ 2026: veja a lista"},"content":{"rendered":"<p>As Elei\u00e7\u00f5es 2026 est\u00e3o marcadas para o dia 4 de outubro e definir\u00e3o a nova composi\u00e7\u00e3o da Assembleia Legislativa do Estado do Rio de Janeiro (Alerj). Ao todo, 70 cadeiras est\u00e3o em disputa para o cargo de deputado estadual, mobilizando eleitores em todo o territ\u00f3rio fluminense.<\/p>\n<h2>Como votar para deputado estadual no Rio de Janeiro<\/h2>\n<p>Para registrar o voto na urna eletr\u00f4nica, o cidad\u00e3o deve digitar o n\u00famero de cinco d\u00edgitos correspondente ao concorrente escolhido. Antes de apertar a tecla verde de confirma\u00e7\u00e3o, \u00e9 fundamental verificar na tela se a foto, o nome, a sigla partid\u00e1ria e os dados conferem com a prefer\u00eancia.<\/p>\n<p>Al\u00e9m do legislativo estadual, o pleito de 2026 abranger\u00e1 a escolha de deputados federais, senadores, governadores e do novo presidente da rep\u00fablica. Como o uso de aparelhos celulares \u00e9 proibido dentro da cabine de vota\u00e7\u00e3o, a Justi\u00e7a Eleitoral recomenda que os eleitores levem uma anota\u00e7\u00e3o em papel com a cola dos n\u00fameros para evitar esquecimentos.<\/p>\n<h2>Situa\u00e7\u00e3o das candidaturas no TSE<\/h2>\n<p>Os votantes t\u00eam a possibilidade de verificar o status de cada registro no Tribunal Superior Eleitoral (TSE). As categorias indicam se a candidatura foi deferida com autoriza\u00e7\u00e3o para concorrer, indeferida por inelegibilidade, indeferida com possibilidade de recurso, ou se houve desist\u00eancia por ren\u00fancia.<\/p>\n<p>Para facilitar a consulta, \u00e9 poss\u00edvel buscar pelo nome do pol\u00edtico desejado e checar todas as informa\u00e7\u00f5es pertinentes sobre o postulante \u00e0 vaga na Alerj antes de ir aos locais de vota\u00e7\u00e3o.<\/p>\n<p>Por Reda\u00e7\u00e3o Acontece<\/p>\n<p>Imagem: Divulga\u00e7\u00e3o \/ TSE<\/p>\n","protected":false},"excerpt":{"rendered":"<p>As Elei\u00e7\u00f5es 2026 est\u00e3o marcadas para o dia 4 de outubro e definir\u00e3o a nova composi\u00e7\u00e3o da Assembleia Legislativa do Estado do Rio de Janeiro (Alerj). Ao todo, 70 cadeiras est\u00e3o em disputa para o cargo de deputado estadual, mobilizando eleitores em todo o territ\u00f3rio fluminense. Como votar para deputado estadual no Rio de Janeiro [&hellip;]<\/p>\n","protected":false},"author":0,"featured_media":32977,"comment_status":"open","ping_status":"open","sticky":false,"template":"","format":"standard","meta":{"footnotes":""},"categories":[28],"tags":[],"class_list":["post-32969","post","type-post","status-publish","format-standard","has-post-thumbnail","hentry","category-mundo"],"_links":{"self":[{"href":"https:\/\/acontecenafronteira.com.br\/index.php\/wp-json\/wp\/v2\/posts\/32969","targetHints":{"allow":["GET"]}}],"collection":[{"href":"https:\/\/acontecenafronteira.com.br\/index.php\/wp-json\/wp\/v2\/posts"}],"about":[{"href":"https:\/\/acontecenafronteira.com.br\/index.php\/wp-json\/wp\/v2\/types\/post"}],"replies":[{"embeddable":true,"href":"https:\/\/acontecenafronteira.com.br\/index.php\/wp-json\/wp\/v2\/comments?post=32969"}],"version-history":[{"count":1,"href":"https:\/\/acontecenafronteira.com.br\/index.php\/wp-json\/wp\/v2\/posts\/32969\/revisions"}],"predecessor-version":[{"id":32976,"href":"https:\/\/acontecenafronteira.com.br\/index.php\/wp-json\/wp\/v2\/posts\/32969\/revisions\/32976"}],"wp:featuredmedia":[{"embeddable":true,"href":"https:\/\/acontecenafronteira.com.br\/index.php\/wp-json\/wp\/v2\/media\/32977"}],"wp:attachment":[{"href":"https:\/\/acontecenafronteira.com.br\/index.php\/wp-json\/wp\/v2\/media?parent=32969"}],"wp:term":[{"taxonomy":"category","embeddable":true,"href":"https:\/\/acontecenafronteira.com.br\/index.php\/wp-json\/wp\/v2\/categories?post=32969"},{"taxonomy":"post_tag","embeddable":true,"href":"https:\/\/acontecenafronteira.com.br\/index.php\/wp-json\/wp\/v2\/tags?post=32969"}],"curies":[{"name":"wp","href":"https:\/\/api.w.org\/{rel}","templated":true}]}}