{"id":32968,"date":"2026-09-01T02:36:25","date_gmt":"2026-09-01T05:36:25","guid":{"rendered":"https:\/\/acontecenafronteira.com.br\/?p=32968"},"modified":"2026-09-01T02:36:25","modified_gmt":"2026-09-01T05:36:25","slug":"candidatos-a-deputado-federal-rj-2026-veja-a-lista","status":"publish","type":"post","link":"https:\/\/acontecenafronteira.com.br\/index.php\/2026\/09\/01\/candidatos-a-deputado-federal-rj-2026-veja-a-lista\/","title":{"rendered":"Candidatos a deputado federal RJ 2026: Veja a lista"},"content":{"rendered":"<p>As <strong>Elei\u00e7\u00f5es 2026<\/strong> est\u00e3o se aproximando e definir quem representar\u00e1 o estado na capital federal \u00e9 uma das miss\u00f5es mais importantes do eleitorado fluminense. Com o primeiro turno marcado para o dia 4 de outubro, a disputa por uma vaga na C\u00e2mara dos Deputados mobiliza milhares de eleitores em todo o estado.<\/p>\n<h2>Como funciona a vota\u00e7\u00e3o para deputado federal<\/h2>\n<p>\nNa urna eletr\u00f4nica, o cargo de <strong>deputado federal<\/strong> \u00e9 o primeiro a ser votado, seguindo a ordem oficial estabelecida pela Justi\u00e7a Eleitoral. Para registrar o voto corretamente, o eleitor deve digitar os quatro d\u00edgitos correspondentes ao seu escolhido, verificar atentamente a foto, o nome e a sigla partid\u00e1ria na tela e, em seguida, pressionar a tecla verde de confirma\u00e7\u00e3o.<\/p>\n<h2>Regras para a cabine de vota\u00e7\u00e3o<\/h2>\n<p>\nVale lembrar que \u00e9 terminantemente proibido o uso de <strong>aparelhos celulares<\/strong> dentro da cabine de vota\u00e7\u00e3o. Por esse motivo, a recomenda\u00e7\u00e3o oficial \u00e9 levar os n\u00fameros dos candidatos anotados em um peda\u00e7o de papel para evitar confus\u00f5es no momento decisivo.<\/p>\n<h2>Situa\u00e7\u00e3o das candidaturas no TSE<\/h2>\n<p>\nOs cidad\u00e3os podem verificar a regularidade dos postulantes diretamente no portal do Tribunal Superior Eleitoral (TSE). As situa\u00e7\u00f5es poss\u00edveis incluem candidaturas deferidas, indeferidas, indeferidas com recurso ou registros de ren\u00fancia, garantindo total transpar\u00eancia ao pleito.<\/p>\n<h2>A bancada fluminense em Bras\u00edlia<\/h2>\n<p>\nO estado do Rio de Janeiro possui direito a <strong>46 cadeiras<\/strong> na C\u00e2mara dos Deputados. O c\u00e1lculo do n\u00famero de parlamentares por estado \u00e9 definido de maneira proporcional \u00e0 densidade demogr\u00e1fica de cada unidade da Federa\u00e7\u00e3o, totalizando 513 deputados federais em todo o territ\u00f3rio nacional.<\/p>\n<p>Al\u00e9m dos representantes federais, o pleito de 2026 tamb\u00e9m definir\u00e1 os ocupantes dos cargos de deputados estaduais, senadores, governadores e a Presid\u00eancia da Rep\u00fablica.<\/p>\n<p>Por Reda\u00e7\u00e3o Acontece<\/p>\n<p>Cr\u00e9ditos da imagem: Divulga\u00e7\u00e3o \/ TSE<\/p>\n","protected":false},"excerpt":{"rendered":"<p>As Elei\u00e7\u00f5es 2026 est\u00e3o se aproximando e definir quem representar\u00e1 o estado na capital federal \u00e9 uma das miss\u00f5es mais importantes do eleitorado fluminense. Com o primeiro turno marcado para o dia 4 de outubro, a disputa por uma vaga na C\u00e2mara dos Deputados mobiliza milhares de eleitores em todo o estado. Como funciona a [&hellip;]<\/p>\n","protected":false},"author":0,"featured_media":32975,"comment_status":"open","ping_status":"open","sticky":false,"template":"","format":"standard","meta":{"footnotes":""},"categories":[28],"tags":[],"class_list":["post-32968","post","type-post","status-publish","format-standard","has-post-thumbnail","hentry","category-mundo"],"_links":{"self":[{"href":"https:\/\/acontecenafronteira.com.br\/index.php\/wp-json\/wp\/v2\/posts\/32968","targetHints":{"allow":["GET"]}}],"collection":[{"href":"https:\/\/acontecenafronteira.com.br\/index.php\/wp-json\/wp\/v2\/posts"}],"about":[{"href":"https:\/\/acontecenafronteira.com.br\/index.php\/wp-json\/wp\/v2\/types\/post"}],"replies":[{"embeddable":true,"href":"https:\/\/acontecenafronteira.com.br\/index.php\/wp-json\/wp\/v2\/comments?post=32968"}],"version-history":[{"count":1,"href":"https:\/\/acontecenafronteira.com.br\/index.php\/wp-json\/wp\/v2\/posts\/32968\/revisions"}],"predecessor-version":[{"id":32974,"href":"https:\/\/acontecenafronteira.com.br\/index.php\/wp-json\/wp\/v2\/posts\/32968\/revisions\/32974"}],"wp:featuredmedia":[{"embeddable":true,"href":"https:\/\/acontecenafronteira.com.br\/index.php\/wp-json\/wp\/v2\/media\/32975"}],"wp:attachment":[{"href":"https:\/\/acontecenafronteira.com.br\/index.php\/wp-json\/wp\/v2\/media?parent=32968"}],"wp:term":[{"taxonomy":"category","embeddable":true,"href":"https:\/\/acontecenafronteira.com.br\/index.php\/wp-json\/wp\/v2\/categories?post=32968"},{"taxonomy":"post_tag","embeddable":true,"href":"https:\/\/acontecenafronteira.com.br\/index.php\/wp-json\/wp\/v2\/tags?post=32968"}],"curies":[{"name":"wp","href":"https:\/\/api.w.org\/{rel}","templated":true}]}}