{"id":32967,"date":"2026-09-01T02:36:18","date_gmt":"2026-09-01T05:36:18","guid":{"rendered":"https:\/\/acontecenafronteira.com.br\/?p=32967"},"modified":"2026-09-01T02:36:18","modified_gmt":"2026-09-01T05:36:18","slug":"candidatos-ao-governo-do-rj-em-2026-conheca-a-lista-completa","status":"publish","type":"post","link":"https:\/\/acontecenafronteira.com.br\/index.php\/2026\/09\/01\/candidatos-ao-governo-do-rj-em-2026-conheca-a-lista-completa\/","title":{"rendered":"Candidatos ao Governo do RJ em 2026: Conhe\u00e7a a Lista Completa"},"content":{"rendered":"<p>Candidatos ao Governo do RJ em 2026: Conhe\u00e7a a Lista Completa Descubra quem s\u00e3o os 9 candidatos ao governo do Rio de Janeiro nas Elei\u00e7\u00f5es 2026. Conhe\u00e7a nomes, partidos, n\u00fameros na urna e perfis dos concorrentes. Com o primeiro turno marcado para o dia 4 de outubro de 2026, mais de 13 milh\u00f5es de eleitores fluminenses ter\u00e3o nove op\u00e7\u00f5es de <b>candidatos ao governo do Rio de Janeiro<\/b>. A disputa pelo Pal\u00e1cio Guanabara exige aten\u00e7\u00e3o na hora do voto, sendo a pen\u00faltima escolha na cabine eletr\u00f4nica, precedida pelos cargos legislativos e seguida pela Presid\u00eancia da Rep\u00fablica. Para registrar a escolha, o cidad\u00e3o deve digitar o n\u00famero de dois d\u00edgitos do candidato e confirmar ap\u00f3s verificar a foto e os dados na tela. Devido \u00e0 proibi\u00e7\u00e3o de celulares, a Justi\u00e7a Eleitoral recomenda o uso de uma cola eleitoral em papel. <\/p>\n<h2>Lista de candidatos e seus perfis pol\u00edticos<\/h2>\n<p> Para facilitar a decis\u00e3o no dia da vota\u00e7\u00e3o, confira a rela\u00e7\u00e3o completa com os nomes, partidos e n\u00fameros dos concorrentes que buscam o comando do Executivo estadual fluminense. <\/p>\n<h3>Andr\u00e9 Marinho (Novo) \u2014 30<\/h3>\n<p> Com 31 anos, o candidato do partido Novo \u00e9 formado em Ci\u00eancia Pol\u00edtica pela Universidade de Nova York. Ele ganhou visibilidade nacional ao participar de programas televisivos e foca sua campanha na renova\u00e7\u00e3o pol\u00edtica e na seguran\u00e7a p\u00fablica. Sua chapa tem a tenente-coronel da PM Erigreyce Monteiro como candidata a vice-governadora. <\/p>\n<h3>Coronel Busnello (Miss\u00e3o) \u2014 14<\/h3>\n<p> Jo\u00e3o Jacques Soares Busnello \u00e9 coronel da Pol\u00edcia Militar do Estado do Rio de Janeiro (PMERJ), tendo atuado como sniper do Bope, subcomandante da tropa de elite e l\u00edder de batalh\u00f5es da corpora\u00e7\u00e3o. O bombeiro Rafa Luz comp\u00f5e a chapa como candidato a vice. <\/p>\n<h3>Cyro Garcia (PSTU) \u2014 16<\/h3>\n<p> Advogado formado pela Faculdade Nacional de Direito da UFRJ, iniciou sua milit\u00e2ncia sindical nos anos 1970 entre os banc\u00e1rios. Esta \u00e9 a segunda vez que ele disputa o governo fluminense pelo partido. A candidata a vice-governadora \u00e9 Perciliana Rodrigues. <\/p>\n<h3>Douglas Ruas (PL) \u2014 22<\/h3>\n<p> Estreante na disputa pelo Pal\u00e1cio Guanabara, Douglas Ruas foi o segundo deputado estadual mais votado do estado em 2022, acumulando 175 mil votos e presidindo a Alerj durante seu mandato. A empres\u00e1ria Fernanda Louback \u00e9 a candidata a vice-governadora. <\/p>\n<h3>Eduardo Paes (PSD) \u2014 55<\/h3>\n<p> Atual prefeito e eleito quatro vezes para o cargo, Paes \u00e9 o pol\u00edtico que por mais tempo administrou a capital fluminense. Sua plataforma para o governo estadual prioriza a seguran\u00e7a p\u00fablica, a mobilidade urbana e o desenvolvimento regional. Jane Reis integra a chapa como candidata a vice-governadora. <\/p>\n<h3>Garotinho (Republicanos) \u2014 10<\/h3>\n<p> Anthony Garotinho disputa o governo estadual pela quarta vez em sua trajet\u00f3ria pol\u00edtica. O ex-governador tem como candidato a vice o ex-coronel do Bope Ven\u00e2ncio Moura. <\/p>\n<h3>Juliete (UP) \u2014 80<\/h3>\n<p> Juliete Pantoja concorre ao comando do estado pela segunda vez. Educadora popular e militante do Movimento de Luta nos Bairros, Vilas e Favelas (MLB), ela tem na luta pelo direito \u00e0 moradia o foco central de sua campanha. A soci\u00f3loga Bia Martins \u00e9 a candidata a vice-governadora. <\/p>\n<h3>Luan Monteiro (PCO) \u2014 29<\/h3>\n<p> Disputando o Executivo estadual pela primeira vez, Luan Monteiro concentra suas propostas nas demandas do movimento estudantil e nas pautas da classe trabalhadora. O candidato a vice-governador \u00e9 Caetano Albuquerque Sigiliano. <\/p>\n<h3>William Siri (Psol) \u2014 50<\/h3>\n<p> Cumprindo seu segundo mandato como vereador na capital, William Siri concorre ao governo estadual pela primeira vez. Entre suas principais propostas est\u00e3o a moderniza\u00e7\u00e3o e amplia\u00e7\u00e3o dos trens com tarifas menores, o fortalecimento de pol\u00edticas de prote\u00e7\u00e3o \u00e0 mulher com expans\u00e3o das Deams, e a valoriza\u00e7\u00e3o dos servidores da educa\u00e7\u00e3o, sa\u00fade e seguran\u00e7a. A professora Juliana Carvalho \u00e9 a candidata a vice-governadora. As Elei\u00e7\u00f5es 2026 exigem prepara\u00e7\u00e3o do eleitorado fluminense, que precisar\u00e1 escolher entre nove projetos distintos para definir os rumos do estado nos pr\u00f3ximos anos. Por Reda\u00e7\u00e3o Acontece Divulga\u00e7\u00e3o\/TSE<\/p>\n","protected":false},"excerpt":{"rendered":"<p>Candidatos ao Governo do RJ em 2026: Conhe\u00e7a a Lista Completa Descubra quem s\u00e3o os 9 candidatos ao governo do Rio de Janeiro nas Elei\u00e7\u00f5es 2026. Conhe\u00e7a nomes, partidos, n\u00fameros na urna e perfis dos concorrentes. Com o primeiro turno marcado para o dia 4 de outubro de 2026, mais de 13 milh\u00f5es de eleitores [&hellip;]<\/p>\n","protected":false},"author":0,"featured_media":32973,"comment_status":"open","ping_status":"open","sticky":false,"template":"","format":"standard","meta":{"footnotes":""},"categories":[28],"tags":[],"class_list":["post-32967","post","type-post","status-publish","format-standard","has-post-thumbnail","hentry","category-mundo"],"_links":{"self":[{"href":"https:\/\/acontecenafronteira.com.br\/index.php\/wp-json\/wp\/v2\/posts\/32967","targetHints":{"allow":["GET"]}}],"collection":[{"href":"https:\/\/acontecenafronteira.com.br\/index.php\/wp-json\/wp\/v2\/posts"}],"about":[{"href":"https:\/\/acontecenafronteira.com.br\/index.php\/wp-json\/wp\/v2\/types\/post"}],"replies":[{"embeddable":true,"href":"https:\/\/acontecenafronteira.com.br\/index.php\/wp-json\/wp\/v2\/comments?post=32967"}],"version-history":[{"count":1,"href":"https:\/\/acontecenafronteira.com.br\/index.php\/wp-json\/wp\/v2\/posts\/32967\/revisions"}],"predecessor-version":[{"id":32972,"href":"https:\/\/acontecenafronteira.com.br\/index.php\/wp-json\/wp\/v2\/posts\/32967\/revisions\/32972"}],"wp:featuredmedia":[{"embeddable":true,"href":"https:\/\/acontecenafronteira.com.br\/index.php\/wp-json\/wp\/v2\/media\/32973"}],"wp:attachment":[{"href":"https:\/\/acontecenafronteira.com.br\/index.php\/wp-json\/wp\/v2\/media?parent=32967"}],"wp:term":[{"taxonomy":"category","embeddable":true,"href":"https:\/\/acontecenafronteira.com.br\/index.php\/wp-json\/wp\/v2\/categories?post=32967"},{"taxonomy":"post_tag","embeddable":true,"href":"https:\/\/acontecenafronteira.com.br\/index.php\/wp-json\/wp\/v2\/tags?post=32967"}],"curies":[{"name":"wp","href":"https:\/\/api.w.org\/{rel}","templated":true}]}}