{"id":32966,"date":"2026-09-01T02:36:04","date_gmt":"2026-09-01T05:36:04","guid":{"rendered":"https:\/\/acontecenafronteira.com.br\/?p=32966"},"modified":"2026-09-01T02:36:04","modified_gmt":"2026-09-01T05:36:04","slug":"candidatos-ao-senado-rj-2026-veja-a-lista-completa-e-perfis","status":"publish","type":"post","link":"https:\/\/acontecenafronteira.com.br\/index.php\/2026\/09\/01\/candidatos-ao-senado-rj-2026-veja-a-lista-completa-e-perfis\/","title":{"rendered":"Candidatos ao Senado RJ 2026: veja a lista completa e perfis"},"content":{"rendered":"<p>Nas <strong>Elei\u00e7\u00f5es 2026<\/strong>, marcadas para o dia 4 de outubro, os eleitores fluminenses ter\u00e3o a miss\u00e3o de eleger dois novos representantes para o <strong>Senado Federal<\/strong>. Com mais de 13 milh\u00f5es de eleitores espalhados pelos 92 munic\u00edpios do <strong>Estado do Rio de Janeiro<\/strong>, a disputa conta com 16 op\u00e7\u00f5es de candidatos na urna eletr\u00f4nica.<\/p>\n<h2>O papel do senador e as regras da vota\u00e7\u00e3o<\/h2>\n<p>Para registrar o voto, o eleitor precisar\u00e1 digitar os tr\u00eas d\u00edgitos do candidato escolhido e confirmar ap\u00f3s conferir a foto, o nome e a sigla partid\u00e1ria na tela. Vale lembrar que o uso de celulares na cabine de vota\u00e7\u00e3o \u00e9 proibido, tornando recomend\u00e1vel o uso da tradicional \u201ccola eleitoral\u201d em papel.<\/p>\n<p>Entre as principais fun\u00e7\u00f5es de um <strong>senador<\/strong> est\u00e3o a fiscaliza\u00e7\u00e3o do Poder Executivo, a instaura\u00e7\u00e3o de Comiss\u00f5es Parlamentares de Inqu\u00e9rito (CPIs) e a sabatina de indica\u00e7\u00f5es presidenciais para cargos estrat\u00e9gicos, como ministros do Supremo Tribunal Federal (STF), diplomatas e o Procurador-Geral da Rep\u00fablica (PGR). Al\u00e9m do Senado, o pleito tamb\u00e9m definir\u00e1 deputados federais, estaduais, governadores e o presidente da Rep\u00fablica.<\/p>\n<h2>Quem s\u00e3o os candidatos ao Senado pelo Rio de Janeiro<\/h2>\n<p>Abaixo est\u00e3o listados todos os concorrentes ao cargo, com seus respectivos partidos e n\u00fameros nas urnas:<\/p>\n<p>* <strong>Andr\u00e9 Monteiro<\/strong> (Democrata) \u2014 350: Policial militar reformado com mais de 20 anos de atua\u00e7\u00e3o no Bope. * <strong>Benedita da Silva<\/strong> (PT) \u2014 131: Atual deputada federal e primeira mulher negra eleita para o Senado, em 1994. * <strong>Carlos Jordy<\/strong> (PL) \u2014 221: Deputado federal, iniciou a carreira pol\u00edtica como vereador de Niter\u00f3i em 2016. * <strong>Carlos Portinho<\/strong> (PL) \u2014 222: Atual senador que assumiu a cadeira ap\u00f3s o falecimento de Arolde de Oliveira, com passagens por secretarias estaduais e municipais. * <strong>Helio Secco<\/strong> (Miss\u00e3o) \u2014 144: Bi\u00f3logo, consultor ambiental e ex-coordenador de plano de governo estadual. * <strong>Luciano Mattos<\/strong> (PRTB) \u2014 280: Advogado e ex-procurador-geral de Justi\u00e7a do Rio de Janeiro entre 2021 e 2025. * <strong>Luiz Eugenio<\/strong> (PCO) \u2014 290: Metal\u00fargico aposentado com 40 anos de milit\u00e2ncia, disputando o Senado pela primeira vez. * <strong>Marcelo Crivella<\/strong> (Republicanos) \u2014 100: Deputado federal, ex-prefeito do Rio e ex-ministro da Pesca e Agricultura. * <strong>Marcos Dias<\/strong> (Podemos) \u2014 200: Vereador e presidente da Comiss\u00e3o de Direitos Humanos e Cidadania da C\u00e2mara do Rio. * <strong>Michelly Xavier<\/strong> (UP) \u2014 800: Militante do Movimento de Mulheres Olga Benario, com foco na defesa dos direitos sociais. * <strong>Monica Benicio<\/strong> (Psol) \u2014 500: Arquiteta urbanista e vereadora reeleita, com forte atua\u00e7\u00e3o na pauta dos direitos humanos e LGBTQIAP+. * <strong>\u00d3 Clemente<\/strong> (Democrata) \u2014 355: Servidor p\u00fablico aposentado concorrendo ao cargo pelo partido Democrata. * <strong>Paula Falc\u00e3o<\/strong> (PSTU) \u2014 160: Professora e integrante da dire\u00e7\u00e3o do Sepe-RJ. * <strong>Pedro Paulo<\/strong> (PSD) \u2014 555: Deputado federal com quatro mandatos seguidos e ex-secret\u00e1rio municipal e estadual. * <strong>Vinicius Benevides<\/strong> (UP) \u2014 808: Socialista que se apresenta como camel\u00f4 dos trens, disputando o Senado pela primeira vez. * <strong>Waguinho<\/strong> (Republicanos) \u2014 101: Ex-prefeito de Belford Roxo, na Baixada Fluminense, em sua primeira disputa ao Senado.<\/p>\n<p>A prepara\u00e7\u00e3o para o pleito exige aten\u00e7\u00e3o do eleitorado fluminense, visto que a escolha dos representantes legislativos impacta diretamente os rumos pol\u00edticos do estado e do pa\u00eds nos anos seguintes.<\/p>\n<p>Por Reda\u00e7\u00e3o Acontece<\/p>\n<p>Cr\u00e9ditos da imagem: Divulga\u00e7\u00e3o \/ Tribunal Superior Eleitoral (TSE)<\/p>\n","protected":false},"excerpt":{"rendered":"<p>Nas Elei\u00e7\u00f5es 2026, marcadas para o dia 4 de outubro, os eleitores fluminenses ter\u00e3o a miss\u00e3o de eleger dois novos representantes para o Senado Federal. Com mais de 13 milh\u00f5es de eleitores espalhados pelos 92 munic\u00edpios do Estado do Rio de Janeiro, a disputa conta com 16 op\u00e7\u00f5es de candidatos na urna eletr\u00f4nica. O papel [&hellip;]<\/p>\n","protected":false},"author":0,"featured_media":32971,"comment_status":"open","ping_status":"open","sticky":false,"template":"","format":"standard","meta":{"footnotes":""},"categories":[28],"tags":[],"class_list":["post-32966","post","type-post","status-publish","format-standard","has-post-thumbnail","hentry","category-mundo"],"_links":{"self":[{"href":"https:\/\/acontecenafronteira.com.br\/index.php\/wp-json\/wp\/v2\/posts\/32966","targetHints":{"allow":["GET"]}}],"collection":[{"href":"https:\/\/acontecenafronteira.com.br\/index.php\/wp-json\/wp\/v2\/posts"}],"about":[{"href":"https:\/\/acontecenafronteira.com.br\/index.php\/wp-json\/wp\/v2\/types\/post"}],"replies":[{"embeddable":true,"href":"https:\/\/acontecenafronteira.com.br\/index.php\/wp-json\/wp\/v2\/comments?post=32966"}],"version-history":[{"count":1,"href":"https:\/\/acontecenafronteira.com.br\/index.php\/wp-json\/wp\/v2\/posts\/32966\/revisions"}],"predecessor-version":[{"id":32970,"href":"https:\/\/acontecenafronteira.com.br\/index.php\/wp-json\/wp\/v2\/posts\/32966\/revisions\/32970"}],"wp:featuredmedia":[{"embeddable":true,"href":"https:\/\/acontecenafronteira.com.br\/index.php\/wp-json\/wp\/v2\/media\/32971"}],"wp:attachment":[{"href":"https:\/\/acontecenafronteira.com.br\/index.php\/wp-json\/wp\/v2\/media?parent=32966"}],"wp:term":[{"taxonomy":"category","embeddable":true,"href":"https:\/\/acontecenafronteira.com.br\/index.php\/wp-json\/wp\/v2\/categories?post=32966"},{"taxonomy":"post_tag","embeddable":true,"href":"https:\/\/acontecenafronteira.com.br\/index.php\/wp-json\/wp\/v2\/tags?post=32966"}],"curies":[{"name":"wp","href":"https:\/\/api.w.org\/{rel}","templated":true}]}}