{"id":32959,"date":"2026-09-01T01:36:49","date_gmt":"2026-09-01T04:36:49","guid":{"rendered":"https:\/\/acontecenafronteira.com.br\/?p=32959"},"modified":"2026-09-01T01:36:49","modified_gmt":"2026-09-01T04:36:49","slug":"mendonca-cobra-pgr-sobre-mensagem-de-vorcaro-envolvendo-a-pf","status":"publish","type":"post","link":"https:\/\/acontecenafronteira.com.br\/index.php\/2026\/09\/01\/mendonca-cobra-pgr-sobre-mensagem-de-vorcaro-envolvendo-a-pf\/","title":{"rendered":"Mendon\u00e7a cobra PGR sobre mensagem de Vorcaro envolvendo a PF"},"content":{"rendered":"<p>O ministro do Supremo Tribunal Federal Andr\u00e9 Mendon\u00e7a determinou que a Procuradoria-Geral da Rep\u00fablica preste esclarecimentos sobre um dos desdobramentos mais sens\u00edveis do caso Master.<\/p>\n<h2>O avan\u00e7o das investiga\u00e7\u00f5es no STF<\/h2>\n<p>A solicita\u00e7\u00e3o oficial mira dados adicionais a respeito do teor de um chat de WhatsApp que envolve diretamente o diretor-geral da Pol\u00edcia Federal, Andrei Rodrigues, e o chefe do Minist\u00e9rio P\u00fablico Federal, Paulo Gonet.<\/p>\n<h2>A mensagem de Daniel Vorcaro<\/h2>\n<p>O despacho do magistrado decorre de um registro de texto disparado pelo banqueiro Daniel Vorcaro para um contato que, inicialmente, n\u00e3o havia sido identificado pelas autoridades.<\/p>\n<p>No trecho em quest\u00e3o, o executivo afirma que necessita de salvaguarda por parte das duas principais autoridades mencionadas.<\/p>\n<h2>A conclus\u00e3o da Pol\u00edcia Federal<\/h2>\n<p>Documentos elaborados pela pr\u00f3pria institui\u00e7\u00e3o policial apontam que os nomes citados referem-se a Andrei Rodrigues e Paulo Gonet.<\/p>\n<p>Ap\u00f3s dilig\u00eancias iniciais, os investigadores confirmaram que o destinat\u00e1rio real do conte\u00fado enviado por Vorcaro era o ministro Alexandre de Moraes.<\/p>\n<p>O caso segue sob an\u00e1lise rigorosa da Suprema Corte, enquanto novos elementos continuam a surgir nas apura\u00e7\u00f5es conduzidas pelas autoridades competentes.<\/p>\n<p>Por Reda\u00e7\u00e3o Acontece<\/p>\n<p>Cr\u00e9ditos da imagem: Divulga\u00e7\u00e3o \/ STF<\/p>\n","protected":false},"excerpt":{"rendered":"<p>O ministro do Supremo Tribunal Federal Andr\u00e9 Mendon\u00e7a determinou que a Procuradoria-Geral da Rep\u00fablica preste esclarecimentos sobre um dos desdobramentos mais sens\u00edveis do caso Master. O avan\u00e7o das investiga\u00e7\u00f5es no STF A solicita\u00e7\u00e3o oficial mira dados adicionais a respeito do teor de um chat de WhatsApp que envolve diretamente o diretor-geral da Pol\u00edcia Federal, Andrei [&hellip;]<\/p>\n","protected":false},"author":0,"featured_media":32965,"comment_status":"open","ping_status":"open","sticky":false,"template":"","format":"standard","meta":{"footnotes":""},"categories":[6],"tags":[],"class_list":["post-32959","post","type-post","status-publish","format-standard","has-post-thumbnail","hentry","category-mercosul"],"_links":{"self":[{"href":"https:\/\/acontecenafronteira.com.br\/index.php\/wp-json\/wp\/v2\/posts\/32959","targetHints":{"allow":["GET"]}}],"collection":[{"href":"https:\/\/acontecenafronteira.com.br\/index.php\/wp-json\/wp\/v2\/posts"}],"about":[{"href":"https:\/\/acontecenafronteira.com.br\/index.php\/wp-json\/wp\/v2\/types\/post"}],"replies":[{"embeddable":true,"href":"https:\/\/acontecenafronteira.com.br\/index.php\/wp-json\/wp\/v2\/comments?post=32959"}],"version-history":[{"count":1,"href":"https:\/\/acontecenafronteira.com.br\/index.php\/wp-json\/wp\/v2\/posts\/32959\/revisions"}],"predecessor-version":[{"id":32964,"href":"https:\/\/acontecenafronteira.com.br\/index.php\/wp-json\/wp\/v2\/posts\/32959\/revisions\/32964"}],"wp:featuredmedia":[{"embeddable":true,"href":"https:\/\/acontecenafronteira.com.br\/index.php\/wp-json\/wp\/v2\/media\/32965"}],"wp:attachment":[{"href":"https:\/\/acontecenafronteira.com.br\/index.php\/wp-json\/wp\/v2\/media?parent=32959"}],"wp:term":[{"taxonomy":"category","embeddable":true,"href":"https:\/\/acontecenafronteira.com.br\/index.php\/wp-json\/wp\/v2\/categories?post=32959"},{"taxonomy":"post_tag","embeddable":true,"href":"https:\/\/acontecenafronteira.com.br\/index.php\/wp-json\/wp\/v2\/tags?post=32959"}],"curies":[{"name":"wp","href":"https:\/\/api.w.org\/{rel}","templated":true}]}}