{"id":32946,"date":"2026-09-01T01:36:11","date_gmt":"2026-09-01T04:36:11","guid":{"rendered":"https:\/\/acontecenafronteira.com.br\/?p=32946"},"modified":"2026-09-01T01:36:11","modified_gmt":"2026-09-01T04:36:11","slug":"por-voce-filhos-de-juli-fogem-e-passam-por-apuros","status":"publish","type":"post","link":"https:\/\/acontecenafronteira.com.br\/index.php\/2026\/09\/01\/por-voce-filhos-de-juli-fogem-e-passam-por-apuros\/","title":{"rendered":"Por Voc\u00ea: filhos de Juli fogem e passam por apuros"},"content":{"rendered":"<p>Nos pr\u00f3ximos cap\u00edtulos da novela <strong>Por Voc\u00ea<\/strong>, a situa\u00e7\u00e3o dos herdeiros de Juli (<strong>Lucy Ramos<\/strong>) vai se complicar drasticamente ap\u00f3s uma fuga arriscada.<\/p>\n<h2>A fuga e o perigo nas ruas<\/h2>\n<p>Peixe (<strong>Cau\u00ea Campos<\/strong>), Glorinha (<strong>Laura Luz<\/strong>), \u00cdtalo (<strong>Fabr\u00edcio Assis<\/strong>) e Samuca (<strong>Kadu Spinola<\/strong>) decidir\u00e3o escapar da institui\u00e7\u00e3o de acolhimento. Ao chegarem na antiga moradia localizada na Vila Maravilha, o quarteto perceber\u00e1 que o local foi invadido por um desconhecido. Sem ter para onde ir, os jovens terminar\u00e3o vagando pela cidade sob forte tempestade e ainda ser\u00e3o v\u00edtimas de um roubo.<\/p>\n<h2>A descoberta e a afli\u00e7\u00e3o de Bela<\/h2>\n<p>Enquanto os menores enfrentam adversidades nas ruas, Bela (<strong>Sheron Menezzes<\/strong>) e Gabriel (<strong>Thiago Lacerda<\/strong>) comparecer\u00e3o ao abrigo com a autoriza\u00e7\u00e3o judicial da guarda provis\u00f3ria em m\u00e3os. Contudo, ao chegarem ao local, o casal receber\u00e1 a not\u00edcia alarmante de que os menores sumiram, desencadeando uma opera\u00e7\u00e3o de socorro imediata liderada pela obstetra.<\/p>\n<h2>O pedido de socorro<\/h2>\n<p>Mesmo diante de tantas prova\u00e7\u00f5es, o filho mais velho de Juli defender\u00e1 que o grupo evite contato com a m\u00e9dica. Apesar da resist\u00eancia, \u00cdtalo conseguir\u00e1 se apoderar de um telefone celular ocultamente para contatar a profissional e implorar por ajuda urgente.<\/p>\n<p>Por Reda\u00e7\u00e3o Acontece<\/p>\n<p>Cr\u00e9ditos da imagem: Divulga\u00e7\u00e3o\/Globo<\/p>\n","protected":false},"excerpt":{"rendered":"<p>Nos pr\u00f3ximos cap\u00edtulos da novela Por Voc\u00ea, a situa\u00e7\u00e3o dos herdeiros de Juli (Lucy Ramos) vai se complicar drasticamente ap\u00f3s uma fuga arriscada. A fuga e o perigo nas ruas Peixe (Cau\u00ea Campos), Glorinha (Laura Luz), \u00cdtalo (Fabr\u00edcio Assis) e Samuca (Kadu Spinola) decidir\u00e3o escapar da institui\u00e7\u00e3o de acolhimento. Ao chegarem na antiga moradia localizada [&hellip;]<\/p>\n","protected":false},"author":0,"featured_media":32952,"comment_status":"open","ping_status":"open","sticky":false,"template":"","format":"standard","meta":{"footnotes":""},"categories":[28],"tags":[],"class_list":["post-32946","post","type-post","status-publish","format-standard","has-post-thumbnail","hentry","category-mundo"],"_links":{"self":[{"href":"https:\/\/acontecenafronteira.com.br\/index.php\/wp-json\/wp\/v2\/posts\/32946","targetHints":{"allow":["GET"]}}],"collection":[{"href":"https:\/\/acontecenafronteira.com.br\/index.php\/wp-json\/wp\/v2\/posts"}],"about":[{"href":"https:\/\/acontecenafronteira.com.br\/index.php\/wp-json\/wp\/v2\/types\/post"}],"replies":[{"embeddable":true,"href":"https:\/\/acontecenafronteira.com.br\/index.php\/wp-json\/wp\/v2\/comments?post=32946"}],"version-history":[{"count":1,"href":"https:\/\/acontecenafronteira.com.br\/index.php\/wp-json\/wp\/v2\/posts\/32946\/revisions"}],"predecessor-version":[{"id":32951,"href":"https:\/\/acontecenafronteira.com.br\/index.php\/wp-json\/wp\/v2\/posts\/32946\/revisions\/32951"}],"wp:featuredmedia":[{"embeddable":true,"href":"https:\/\/acontecenafronteira.com.br\/index.php\/wp-json\/wp\/v2\/media\/32952"}],"wp:attachment":[{"href":"https:\/\/acontecenafronteira.com.br\/index.php\/wp-json\/wp\/v2\/media?parent=32946"}],"wp:term":[{"taxonomy":"category","embeddable":true,"href":"https:\/\/acontecenafronteira.com.br\/index.php\/wp-json\/wp\/v2\/categories?post=32946"},{"taxonomy":"post_tag","embeddable":true,"href":"https:\/\/acontecenafronteira.com.br\/index.php\/wp-json\/wp\/v2\/tags?post=32946"}],"curies":[{"name":"wp","href":"https:\/\/api.w.org\/{rel}","templated":true}]}}