{"id":32945,"date":"2026-09-01T01:35:49","date_gmt":"2026-09-01T04:35:49","guid":{"rendered":"https:\/\/acontecenafronteira.com.br\/?p=32945"},"modified":"2026-09-01T01:35:49","modified_gmt":"2026-09-01T04:35:49","slug":"john-galliano-cancela-exposicao-em-ny-apos-polemicas","status":"publish","type":"post","link":"https:\/\/acontecenafronteira.com.br\/index.php\/2026\/09\/01\/john-galliano-cancela-exposicao-em-ny-apos-polemicas\/","title":{"rendered":"John Galliano cancela exposi\u00e7\u00e3o em NY ap\u00f3s pol\u00eamicas"},"content":{"rendered":"<p>O renomado estilista brit\u00e2nico John Galliano desistiu de realizar uma grande exposi\u00e7\u00e3o no Metropolitan Museum of Art (Met), em Nova York, na sequ\u00eancia de intensas press\u00f5es e protestos de l\u00edderes pol\u00edticos e doadores importantes.<\/p>\n<h2>A decis\u00e3o do estilista<\/h2>\n<p>O ex-diretor art\u00edstico da Christian Dior declarou que a suspens\u00e3o da mostra ocorreu ap\u00f3s pondera\u00e7\u00f5es profundas e di\u00e1logos com os organizadores e demais envolvidos no projeto cultural.<\/p>\n<p>Por meio de suas redes sociais, o criador de moda expressou tristeza pela medida, mas pontuou que o adiamento era a atitude correta a ser tomada no atual cen\u00e1rio.<\/p>\n<h2>Hist\u00f3rico de declara\u00e7\u00f5es pol\u00eamicas<\/h2>\n<p>O motivo principal para a onda de reprova\u00e7\u00f5es reside em um epis\u00f3dio ocorrido em 2011, quando o designer disparou ofensas antissemitas e racistas contra frequentadores de um estabelecimento parisiense.<\/p>\n<p>A repercuss\u00e3o negativa daquele incidente resultou em uma condena\u00e7\u00e3o formal pela Justi\u00e7a da Fran\u00e7a e em sua imediata demiss\u00e3o do comando criativo da Dior, casa de alta-costura que liderava desde 1996.<\/p>\n<h2>Repercuss\u00e3o e arrependimento<\/h2>\n<p>Diante da recente resist\u00eancia de patronos e autoridades norte-americanas, a viabilidade do evento no museu nova-iorquino tornou-se insustent\u00e1vel, trazendo \u00e0 tona novamente os danos causados por suas atitudes passadas.<\/p>\n<p>Em seu comunicado oficial de cancelamento, o estilista reiterou o pedido de desculpas, enfatizando que mant\u00e9m plena consci\u00eancia da dor provocada \u00e0s comunidades judaica e asi\u00e1tica.<\/p>\n<p>Embora seja amplamente reconhecido como um dos talentos mais brilhantes e inventivos de sua gera\u00e7\u00e3o, Galliano segue enfrentando os reflexos profissionais de seus atos passados, que continuam a impactar sua carreira na moda internacional.<\/p>\n<p>Por Reda\u00e7\u00e3o Acontece<\/p>\n<p>AFP<\/p>\n","protected":false},"excerpt":{"rendered":"<p>O renomado estilista brit\u00e2nico John Galliano desistiu de realizar uma grande exposi\u00e7\u00e3o no Metropolitan Museum of Art (Met), em Nova York, na sequ\u00eancia de intensas press\u00f5es e protestos de l\u00edderes pol\u00edticos e doadores importantes. A decis\u00e3o do estilista O ex-diretor art\u00edstico da Christian Dior declarou que a suspens\u00e3o da mostra ocorreu ap\u00f3s pondera\u00e7\u00f5es profundas e [&hellip;]<\/p>\n","protected":false},"author":0,"featured_media":32950,"comment_status":"open","ping_status":"open","sticky":false,"template":"","format":"standard","meta":{"footnotes":""},"categories":[28],"tags":[],"class_list":["post-32945","post","type-post","status-publish","format-standard","has-post-thumbnail","hentry","category-mundo"],"_links":{"self":[{"href":"https:\/\/acontecenafronteira.com.br\/index.php\/wp-json\/wp\/v2\/posts\/32945","targetHints":{"allow":["GET"]}}],"collection":[{"href":"https:\/\/acontecenafronteira.com.br\/index.php\/wp-json\/wp\/v2\/posts"}],"about":[{"href":"https:\/\/acontecenafronteira.com.br\/index.php\/wp-json\/wp\/v2\/types\/post"}],"replies":[{"embeddable":true,"href":"https:\/\/acontecenafronteira.com.br\/index.php\/wp-json\/wp\/v2\/comments?post=32945"}],"version-history":[{"count":1,"href":"https:\/\/acontecenafronteira.com.br\/index.php\/wp-json\/wp\/v2\/posts\/32945\/revisions"}],"predecessor-version":[{"id":32949,"href":"https:\/\/acontecenafronteira.com.br\/index.php\/wp-json\/wp\/v2\/posts\/32945\/revisions\/32949"}],"wp:featuredmedia":[{"embeddable":true,"href":"https:\/\/acontecenafronteira.com.br\/index.php\/wp-json\/wp\/v2\/media\/32950"}],"wp:attachment":[{"href":"https:\/\/acontecenafronteira.com.br\/index.php\/wp-json\/wp\/v2\/media?parent=32945"}],"wp:term":[{"taxonomy":"category","embeddable":true,"href":"https:\/\/acontecenafronteira.com.br\/index.php\/wp-json\/wp\/v2\/categories?post=32945"},{"taxonomy":"post_tag","embeddable":true,"href":"https:\/\/acontecenafronteira.com.br\/index.php\/wp-json\/wp\/v2\/tags?post=32945"}],"curies":[{"name":"wp","href":"https:\/\/api.w.org\/{rel}","templated":true}]}}