{"id":3294,"date":"2021-12-02T13:47:45","date_gmt":"2021-12-02T16:47:45","guid":{"rendered":"https:\/\/acontecenafronteira.com.br\/?p=3294"},"modified":"2021-12-02T13:47:46","modified_gmt":"2021-12-02T16:47:46","slug":"carnaval-de-rua-de-2022-e-oficialmente-cancelado-pela-prefeitura-de-foz-do-iguacu","status":"publish","type":"post","link":"https:\/\/acontecenafronteira.com.br\/index.php\/2021\/12\/02\/carnaval-de-rua-de-2022-e-oficialmente-cancelado-pela-prefeitura-de-foz-do-iguacu\/","title":{"rendered":"Carnaval de rua de 2022 \u00e9 oficialmente cancelado pela Prefeitura de Foz do Igua\u00e7u"},"content":{"rendered":"\n<p>Decis\u00e3o tomada pelo Comit\u00ea de Enfrentamento \u00e0 Covid-19 nesta quinta-feira (01) levou em considera\u00e7\u00e3o a nova variante do coronav\u00edrus &#8211; \u00d4micron -, que ainda est\u00e1 em an\u00e1lise por pesquisadores<\/p>\n\n\n\n<p>O Comit\u00ea de Crise ao Enfrentamento \u00e0 Covid em Foz do Igua\u00e7u se reuniu nesta quarta-feira, 1\u00ba de dezembro, para tratar das novas medidas de conten\u00e7\u00e3o \u00e0 doen\u00e7a ap\u00f3s as confirma\u00e7\u00f5es da circula\u00e7\u00e3o da variante \u00d4micron no Brasil. A principal medida foi o cancelamento do carnaval de rua em 2022 para evitar uma maior propaga\u00e7\u00e3o do v\u00edrus.<br><br>De acordo com o prefeito Chico Brasileiro, a medida segue a mesma linha de outros destinos tur\u00edsticos do Brasil que tamb\u00e9m cancelaram o evento, como capitais do Nordeste, al\u00e9m de cidades em Minas Gerais e S\u00e3o Paulo. &nbsp;<br><br>\u201cMesmo sendo uma festa daqui a tr\u00eas meses, iniciar\u00edamos agora as tratativas, negocia\u00e7\u00f5es e planejamento para o carnaval do ano que vem. Portanto, n\u00e3o h\u00e1 como pensar em organizar agora, com um cen\u00e1rio incerto para essa variante. No momento, \u00e9 necess\u00e1rio tomar essa medida\u201d, afirmou o prefeito.<br><br>A secret\u00e1ria de sa\u00fade, Rosa Jeronymo, refor\u00e7ou que o cancelamento \u00e9 importante para a preven\u00e7\u00e3o, mas que o atual momento segue com n\u00fameros positivos de combate ao v\u00edrus, como a redu\u00e7\u00e3o da m\u00e9dia m\u00f3vel para menos de 8,7 casos di\u00e1rios e quase 100% da popula\u00e7\u00e3o completamente imunizada &#8211; com as duas doses da vacina.<br><br>\u201cOs dados comprovam que o pior momento da pandemia j\u00e1 passou. O trabalho que reuniu esfor\u00e7os conjuntos continua firme, pois a fun\u00e7\u00e3o do comit\u00ea \u00e9 analisar cada cen\u00e1rio e dar uma resposta \u00e0 popula\u00e7\u00e3o. Apesar das libera\u00e7\u00f5es, n\u00e3o devemos deixar de refor\u00e7ar a import\u00e2ncia da manuten\u00e7\u00e3o dos cuidados, como uso de m\u00e1scaras, distanciamento e uso do \u00e1lcool em gel\u201d, frisou Rosa.<br><br><strong>Passaporte sanit\u00e1rio<\/strong><br><br>A exig\u00eancia do passaporte sanit\u00e1rio, que comprova a vacina\u00e7\u00e3o completa, tamb\u00e9m foi pauta da reuni\u00e3o. O comit\u00ea se reunir\u00e1 com representantes dos sindicatos e associa\u00e7\u00f5es do com\u00e9rcio, turismo, hotelaria e gastronomia para a constru\u00e7\u00e3o de um termo para cidade e defini\u00e7\u00e3o dos m\u00e9todos de cobran\u00e7a.<br><br>\u201cCom essa exig\u00eancia de comprova\u00e7\u00e3o n\u00e3o temos a inten\u00e7\u00e3o de reprimir a organiza\u00e7\u00e3o dos eventos, pelo contr\u00e1rio, trar\u00e1 mais seguran\u00e7a a quem participa, pois saber\u00e3o que v\u00e3o correr riscos no espa\u00e7o. Queremos criar um ajuste que n\u00e3o prejudique ningu\u00e9m, mas que seja efetivo durante esse per\u00edodo\u201d, ressaltou Chico.<br><br>\u201cHoje temos vacinas dispon\u00edveis para todos, ent\u00e3o essas pessoas que n\u00e3o se imunizaram poder\u00e3o procurar nossas Unidades B\u00e1sicas de Sa\u00fade e garantir a prote\u00e7\u00e3o. Para a vida voltar ao normal, a vacina\u00e7\u00e3o j\u00e1 se mostrou a ferramenta mais eficaz\u201d, completou Rosa Jeronymo.<br><br><strong>Fronteira<\/strong><br><br>O prefeito disse que o mesmo documento poder\u00e1 ser cobrado na Ponte da Amizade, ap\u00f3s uma reuni\u00e3o com os gestores paraguaios nos pr\u00f3ximos dias.<br><br>\u201cNos preocupa muito o baixo \u00edndice de vacina\u00e7\u00e3o no Paraguai, ent\u00e3o vamos articular com os governos vizinhos alguma forma de proteger ambos os lados e incentivar a vacina\u00e7\u00e3o. Vamos ver de perto o que est\u00e1 acontecendo e esperamos, tamb\u00e9m nesse caso, chegar a um acordo justo de parceria\u201d, salientou Brasileiro.<br><br>Desde novembro, a Unidade B\u00e1sica de Sa\u00fade (UBS) do Jardim Jupira \u00e9 refer\u00eancia para a vacina\u00e7\u00e3o de brasileiros residentes fora do pa\u00eds e estrangeiros que precisam receber a primeira ou a segunda dose de vacina contra a covid.<\/p>\n","protected":false},"excerpt":{"rendered":"<p>Decis\u00e3o tomada pelo Comit\u00ea de Enfrentamento \u00e0 Covid-19 nesta quinta-feira (01) levou em considera\u00e7\u00e3o a nova variante do coronav\u00edrus &#8211; \u00d4micron -, que ainda est\u00e1 em an\u00e1lise por pesquisadores O Comit\u00ea de Crise ao Enfrentamento \u00e0 Covid em Foz do Igua\u00e7u se reuniu nesta quarta-feira, 1\u00ba de dezembro, para tratar das novas medidas de conten\u00e7\u00e3o [&hellip;]<\/p>\n","protected":false},"author":2,"featured_media":3296,"comment_status":"open","ping_status":"open","sticky":false,"template":"","format":"standard","meta":{"om_disable_all_campaigns":false,"_monsterinsights_skip_tracking":false,"_monsterinsights_sitenote_active":false,"_monsterinsights_sitenote_note":"","_monsterinsights_sitenote_category":0,"footnotes":""},"categories":[4],"tags":[],"class_list":["post-3294","post","type-post","status-publish","format-standard","has-post-thumbnail","hentry","category-cidade"],"_links":{"self":[{"href":"https:\/\/acontecenafronteira.com.br\/index.php\/wp-json\/wp\/v2\/posts\/3294","targetHints":{"allow":["GET"]}}],"collection":[{"href":"https:\/\/acontecenafronteira.com.br\/index.php\/wp-json\/wp\/v2\/posts"}],"about":[{"href":"https:\/\/acontecenafronteira.com.br\/index.php\/wp-json\/wp\/v2\/types\/post"}],"author":[{"embeddable":true,"href":"https:\/\/acontecenafronteira.com.br\/index.php\/wp-json\/wp\/v2\/users\/2"}],"replies":[{"embeddable":true,"href":"https:\/\/acontecenafronteira.com.br\/index.php\/wp-json\/wp\/v2\/comments?post=3294"}],"version-history":[{"count":1,"href":"https:\/\/acontecenafronteira.com.br\/index.php\/wp-json\/wp\/v2\/posts\/3294\/revisions"}],"predecessor-version":[{"id":3297,"href":"https:\/\/acontecenafronteira.com.br\/index.php\/wp-json\/wp\/v2\/posts\/3294\/revisions\/3297"}],"wp:featuredmedia":[{"embeddable":true,"href":"https:\/\/acontecenafronteira.com.br\/index.php\/wp-json\/wp\/v2\/media\/3296"}],"wp:attachment":[{"href":"https:\/\/acontecenafronteira.com.br\/index.php\/wp-json\/wp\/v2\/media?parent=3294"}],"wp:term":[{"taxonomy":"category","embeddable":true,"href":"https:\/\/acontecenafronteira.com.br\/index.php\/wp-json\/wp\/v2\/categories?post=3294"},{"taxonomy":"post_tag","embeddable":true,"href":"https:\/\/acontecenafronteira.com.br\/index.php\/wp-json\/wp\/v2\/tags?post=3294"}],"curies":[{"name":"wp","href":"https:\/\/api.w.org\/{rel}","templated":true}]}}