{"id":32937,"date":"2026-09-01T00:36:51","date_gmt":"2026-09-01T03:36:51","guid":{"rendered":"https:\/\/acontecenafronteira.com.br\/?p=32937"},"modified":"2026-09-01T00:36:51","modified_gmt":"2026-09-01T03:36:51","slug":"renan-santos-tem-redes-sociais-derrubadas-apos-decisao","status":"publish","type":"post","link":"https:\/\/acontecenafronteira.com.br\/index.php\/2026\/09\/01\/renan-santos-tem-redes-sociais-derrubadas-apos-decisao\/","title":{"rendered":"Renan Santos tem redes sociais derrubadas ap\u00f3s decis\u00e3o"},"content":{"rendered":"<p>As contas oficiais do candidato \u00e0 Presid\u00eancia da Rep\u00fablica Renan Santos (Miss\u00e3o) nas plataformas da Meta e no YouTube foram tiradas do ar nesta segunda-feira (31\/8). A medida dr\u00e1stica ocorreu em cumprimento a uma ordem expedida pelo ministro Dias Toffoli, integrante do Tribunal Superior Eleitoral (TSE).<\/p>\n<h2>O impacto da puni\u00e7\u00e3o digital<\/h2>\n<p>Durante o per\u00edodo noturno, tanto o Instagram quanto o Facebook do pol\u00edtico ficaram inacess\u00edveis ao p\u00fablico. Da mesma forma, o canal oficial que ele mantinha na plataforma de v\u00eddeos YouTube deixou de funcionar.<\/p>\n<p>Em contrapartida, a conta do postulante ao Planalto na rede social X (antigo Twitter), controlada pelo empres\u00e1rio Elon Musk, continuou no ar at\u00e9 o fechamento da reportagem. Por outro lado, o perfil digital de Aroldo Medina, que concorre como vice-presidente na mesma chapa, tamb\u00e9m foi banido.<\/p>\n<h2>Motiva\u00e7\u00e3o da decis\u00e3o do TSE<\/h2>\n<p>Conforme a argumenta\u00e7\u00e3o do ministro Dias Toffoli, a puni\u00e7\u00e3o foi aplicada porque o candidato omitiu a declara\u00e7\u00e3o de seus canais digitais \u00e0 Justi\u00e7a Eleitoral dentro do prazo legal estabelecido. Como consequ\u00eancia direta, a determina\u00e7\u00e3o impede que a campanha continue utilizando a internet, pro\u00edbe o recebimento de verbas oriundas do Fundo Eleitoral e barra a presen\u00e7a do pol\u00edtico em debates televisivos ou virtuais.<\/p>\n<p>O magistrado destacou que havia ci\u00eancia pr\u00e9via sobre a obrigatoriedade de notificar os endere\u00e7os virtuais, ressaltando que o uso s\u00f3 era permitido 48 horas ap\u00f3s a oficializa\u00e7\u00e3o do registro na corte eleitoral. Para Toffoli, houve uma infra\u00e7\u00e3o direta \u00e0s regras, gerando vantagens que agora s\u00e3o consideradas irrevers\u00edveis.<\/p>\n<h2>Rea\u00e7\u00e3o da campanha afetada<\/h2>\n<p>Logo ap\u00f3s a repercuss\u00e3o da penalidade imposta pela Justi\u00e7a Eleitoral, o candidato utilizou outros meios para se manifestar e classificou a ordem judicial como uma n\u00edtida inflex\u00e3o autorit\u00e1ria, demonstrando confian\u00e7a de que a restri\u00e7\u00e3o ser\u00e1 derrubada em inst\u00e2ncias superiores.<\/p>\n<p>Por Reda\u00e7\u00e3o Acontece<\/p>\n<p>Imagem: Divulga\u00e7\u00e3o \/ TSE<\/p>\n","protected":false},"excerpt":{"rendered":"<p>As contas oficiais do candidato \u00e0 Presid\u00eancia da Rep\u00fablica Renan Santos (Miss\u00e3o) nas plataformas da Meta e no YouTube foram tiradas do ar nesta segunda-feira (31\/8). A medida dr\u00e1stica ocorreu em cumprimento a uma ordem expedida pelo ministro Dias Toffoli, integrante do Tribunal Superior Eleitoral (TSE). O impacto da puni\u00e7\u00e3o digital Durante o per\u00edodo noturno, [&hellip;]<\/p>\n","protected":false},"author":0,"featured_media":32944,"comment_status":"open","ping_status":"open","sticky":false,"template":"","format":"standard","meta":{"footnotes":""},"categories":[6],"tags":[],"class_list":["post-32937","post","type-post","status-publish","format-standard","has-post-thumbnail","hentry","category-mercosul"],"_links":{"self":[{"href":"https:\/\/acontecenafronteira.com.br\/index.php\/wp-json\/wp\/v2\/posts\/32937","targetHints":{"allow":["GET"]}}],"collection":[{"href":"https:\/\/acontecenafronteira.com.br\/index.php\/wp-json\/wp\/v2\/posts"}],"about":[{"href":"https:\/\/acontecenafronteira.com.br\/index.php\/wp-json\/wp\/v2\/types\/post"}],"replies":[{"embeddable":true,"href":"https:\/\/acontecenafronteira.com.br\/index.php\/wp-json\/wp\/v2\/comments?post=32937"}],"version-history":[{"count":1,"href":"https:\/\/acontecenafronteira.com.br\/index.php\/wp-json\/wp\/v2\/posts\/32937\/revisions"}],"predecessor-version":[{"id":32943,"href":"https:\/\/acontecenafronteira.com.br\/index.php\/wp-json\/wp\/v2\/posts\/32937\/revisions\/32943"}],"wp:featuredmedia":[{"embeddable":true,"href":"https:\/\/acontecenafronteira.com.br\/index.php\/wp-json\/wp\/v2\/media\/32944"}],"wp:attachment":[{"href":"https:\/\/acontecenafronteira.com.br\/index.php\/wp-json\/wp\/v2\/media?parent=32937"}],"wp:term":[{"taxonomy":"category","embeddable":true,"href":"https:\/\/acontecenafronteira.com.br\/index.php\/wp-json\/wp\/v2\/categories?post=32937"},{"taxonomy":"post_tag","embeddable":true,"href":"https:\/\/acontecenafronteira.com.br\/index.php\/wp-json\/wp\/v2\/tags?post=32937"}],"curies":[{"name":"wp","href":"https:\/\/api.w.org\/{rel}","templated":true}]}}