{"id":32936,"date":"2026-09-01T00:36:47","date_gmt":"2026-09-01T03:36:47","guid":{"rendered":"https:\/\/acontecenafronteira.com.br\/?p=32936"},"modified":"2026-09-01T00:36:47","modified_gmt":"2026-09-01T03:36:47","slug":"tarcisio-lidera-corrida-em-sp-com-553-e-venceria-no-1o-turno","status":"publish","type":"post","link":"https:\/\/acontecenafronteira.com.br\/index.php\/2026\/09\/01\/tarcisio-lidera-corrida-em-sp-com-553-e-venceria-no-1o-turno\/","title":{"rendered":"Tarc\u00edsio lidera corrida em SP com 55,3% e venceria no 1\u00ba turno"},"content":{"rendered":"<p>O atual governador do estado, <strong>Tarc\u00edsio de Freitas<\/strong> (Republicanos), lidera a corrida eleitoral para o Pal\u00e1cio dos Bandeirantes com <strong>55,3%<\/strong> das inten\u00e7\u00f5es de voto, segundo levantamento divulgado nesta ter\u00e7a-feira (1\u00ba\/9). Caso o pleito fosse hoje, o cen\u00e1rio desenhado pelo instituto Vox Brasil garantiria a vit\u00f3ria do chefe do Executivo estadual logo no primeiro turno.<\/p>\n<h2>Cen\u00e1rio do primeiro turno em S\u00e3o Paulo<\/h2>\n<p>Principal advers\u00e1rio na disputa, o representante petista <strong>Fernando Haddad<\/strong> aparece na segunda coloca\u00e7\u00e3o com <strong>35,1%<\/strong> da prefer\u00eancia do eleitorado. A margem de erro da pesquisa \u00e9 de 2,55 pontos percentuais para mais ou para menos.<\/p>\n<p>Atr\u00e1s dos dois principais nomes, os demais concorrentes registraram \u00edndices inferiores: <strong>Carlos Machado<\/strong> tem 1,1%, <strong>Vera L\u00facia<\/strong> marca 0,7%, <strong>Vivian Mendes<\/strong> alcan\u00e7a 0,5%, enquanto <strong>Izadora Dias<\/strong> e <strong>Policial Edjane<\/strong> pontuam com 0,3% cada. O levantamento tamb\u00e9m mapeou que <strong>4,3%<\/strong> votariam em branco ou nulo, ao passo que <strong>2,4%<\/strong> n\u00e3o souberam ou n\u00e3o quiseram responder aos pesquisadores.<\/p>\n<h2>Simula\u00e7\u00e3o de segundo turno e votos v\u00e1lidos<\/h2>\n<p>Em uma eventual simula\u00e7\u00e3o de segundo turno entre os dois principais candidatos, a vantagem do atual governador se mant\u00e9m ampla. <strong>Tarc\u00edsio<\/strong> marca <strong>57,1%<\/strong>, contra <strong>36,3%<\/strong> de <strong>Haddad<\/strong>. Brancos e nulos somam 3,1%, e 3,5% dos entrevistados preferiram n\u00e3o opinar.<\/p>\n<p>Quando o c\u00e1lculo restringe-se aos <strong>votos v\u00e1lidos<\/strong> \u2014 excluindo-se brancos, nulos e indecisos \u2014, o atual chefe do executivo paulista atinge <strong>61,1%<\/strong>, enquanto o candidato do PT fica com <strong>38,9%<\/strong>.<\/p>\n<h2>Rejei\u00e7\u00e3o e avalia\u00e7\u00e3o da administra\u00e7\u00e3o estadual<\/h2>\n<p>O levantamento tamb\u00e9m mediu o \u00edndice de rejei\u00e7\u00e3o entre os eleitores consultados. <strong>Fernando Haddad<\/strong> lidera este quesito, com <strong>44,3%<\/strong> dos entrevistados afirmando que n\u00e3o votariam nele de jeito nenhum. Em contrapartida, <strong>Tarc\u00edsio de Freitas<\/strong> apresenta uma rejei\u00e7\u00e3o significativamente menor, de <strong>23,1%<\/strong>.<\/p>\n<p>No que diz respeito \u00e0 aprova\u00e7\u00e3o da <strong>atual gest\u00e3o<\/strong> estadual, os n\u00fameros apontam que <strong>67,8%<\/strong> dos paulistas aprovam a administra\u00e7\u00e3o de Tarc\u00edsio no Pal\u00e1cio dos Bandeirantes. Os que desaprovam somam 23,1%, e 9,1% n\u00e3o souberam ou n\u00e3o quiseram responder.<\/p>\n<p>A coleta de dados foi realizada entre os dias 29 e 31 de agosto, ouvindo 1,480 pessoas. O registro oficial do levantamento junto ao Tribunal Superior Eleitoral (TSE) est\u00e1 protocolado sob o n\u00famero SP-00940\/2026.<\/p>\n<p>Por Reda\u00e7\u00e3o Acontece<\/p>\n<p>Divulga\u00e7\u00e3o\/Governo de S\u00e3o Paulo<\/p>\n","protected":false},"excerpt":{"rendered":"<p>O atual governador do estado, Tarc\u00edsio de Freitas (Republicanos), lidera a corrida eleitoral para o Pal\u00e1cio dos Bandeirantes com 55,3% das inten\u00e7\u00f5es de voto, segundo levantamento divulgado nesta ter\u00e7a-feira (1\u00ba\/9). Caso o pleito fosse hoje, o cen\u00e1rio desenhado pelo instituto Vox Brasil garantiria a vit\u00f3ria do chefe do Executivo estadual logo no primeiro turno. Cen\u00e1rio [&hellip;]<\/p>\n","protected":false},"author":0,"featured_media":32942,"comment_status":"open","ping_status":"open","sticky":false,"template":"","format":"standard","meta":{"footnotes":""},"categories":[6],"tags":[],"class_list":["post-32936","post","type-post","status-publish","format-standard","has-post-thumbnail","hentry","category-mercosul"],"_links":{"self":[{"href":"https:\/\/acontecenafronteira.com.br\/index.php\/wp-json\/wp\/v2\/posts\/32936","targetHints":{"allow":["GET"]}}],"collection":[{"href":"https:\/\/acontecenafronteira.com.br\/index.php\/wp-json\/wp\/v2\/posts"}],"about":[{"href":"https:\/\/acontecenafronteira.com.br\/index.php\/wp-json\/wp\/v2\/types\/post"}],"replies":[{"embeddable":true,"href":"https:\/\/acontecenafronteira.com.br\/index.php\/wp-json\/wp\/v2\/comments?post=32936"}],"version-history":[{"count":1,"href":"https:\/\/acontecenafronteira.com.br\/index.php\/wp-json\/wp\/v2\/posts\/32936\/revisions"}],"predecessor-version":[{"id":32941,"href":"https:\/\/acontecenafronteira.com.br\/index.php\/wp-json\/wp\/v2\/posts\/32936\/revisions\/32941"}],"wp:featuredmedia":[{"embeddable":true,"href":"https:\/\/acontecenafronteira.com.br\/index.php\/wp-json\/wp\/v2\/media\/32942"}],"wp:attachment":[{"href":"https:\/\/acontecenafronteira.com.br\/index.php\/wp-json\/wp\/v2\/media?parent=32936"}],"wp:term":[{"taxonomy":"category","embeddable":true,"href":"https:\/\/acontecenafronteira.com.br\/index.php\/wp-json\/wp\/v2\/categories?post=32936"},{"taxonomy":"post_tag","embeddable":true,"href":"https:\/\/acontecenafronteira.com.br\/index.php\/wp-json\/wp\/v2\/tags?post=32936"}],"curies":[{"name":"wp","href":"https:\/\/api.w.org\/{rel}","templated":true}]}}