{"id":32935,"date":"2026-09-01T00:36:42","date_gmt":"2026-09-01T03:36:42","guid":{"rendered":"https:\/\/acontecenafronteira.com.br\/?p=32935"},"modified":"2026-09-01T00:36:42","modified_gmt":"2026-09-01T03:36:42","slug":"senado-sp-2026-marina-andre-do-prado-e-tebet-lideram","status":"publish","type":"post","link":"https:\/\/acontecenafronteira.com.br\/index.php\/2026\/09\/01\/senado-sp-2026-marina-andre-do-prado-e-tebet-lideram\/","title":{"rendered":"Senado SP 2026: Marina, Andr\u00e9 do Prado e Tebet lideram"},"content":{"rendered":"<p>A corrida pelas vagas no Senado Federal por S\u00e3o Paulo nas elei\u00e7\u00f5es de 2026 come\u00e7a a desenhar seus primeiros favoritos, conforme aponta um levantamento divulgado nesta ter\u00e7a-feira (1\/9) pela Vox Brasil. A disputa inicial mostra um cen\u00e1rio bastante embolado no topo, com nomes de peso da pol\u00edtica nacional e estadual dividindo a prefer\u00eancia do eleitorado paulista.<\/p>\n<h2>Cen\u00e1rio de inten\u00e7\u00f5es de voto<\/h2>\n<p>No topo da prefer\u00eancia dos eleitores, Marina Silva (Rede) aparece na lideran\u00e7a com 27,7% das inten\u00e7\u00f5es de voto. Logo em seguida, acirrando a disputa, surge Andr\u00e9 do Prado (PL), registrando 26,5%, seguido de perto por Simone Tebet (PSB), que marca 25,3%. \u00c9 importante destacar que cada eleitor teve a oportunidade de escolher at\u00e9 dois nomes na pesquisa, permitindo que os percentuais ultrapassem a soma tradicional de 100%. A margem de erro estimada para o levantamento \u00e9 de 2,55 pontos percentuais para mais ou para menos.<\/p>\n<p>Abaixo do pelot\u00e3o de frente, a pesquisa aponta Guilherme Derrite (PL) com 18,1% e Salles (PL) alcan\u00e7ando 17,5%. Os demais concorrentes listados na sondagem registraram \u00edndices inferiores a 5% da prefer\u00eancia.<\/p>\n<h2>Alto \u00edndice de indecisos<\/h2>\n<p>O levantamento tamb\u00e9m joga luz sobre a indefini\u00e7\u00e3o do eleitorado paulista nesta fase pr\u00e9-eleitoral. Um grupo expressivo de 41,1% dos entrevistados afirmou n\u00e3o saber ou preferiu n\u00e3o responder quando questionado sobre sua prefer\u00eancia para o Senado. Al\u00e9m disso, 19,3% declararam inten\u00e7\u00e3o de votar em branco ou anular o voto, demonstrando que o cen\u00e1rio ainda est\u00e1 em aberto.<\/p>\n<h2>\u00cdndices de rejei\u00e7\u00e3o<\/h2>\n<p>No quesito rejei\u00e7\u00e3o, onde os participantes podiam indicar mais de um nome, Marina Silva lidera com 31,5%, seguida por Simone Tebet, que soma 28,3%. Guilherme Derrite apresenta 24,1% de rejei\u00e7\u00e3o, enquanto Salles pontua com 21,5%.<\/p>\n<p>Outros nomes citados no levantamento de rejei\u00e7\u00e3o incluem Andr\u00e9 do Prado (14,1%), Soninha Francine (13,1%), Marcio Alves (12,1%), Ma\u00edra de Souza (11%) e Weller Gon\u00e7alves (10,7%).<\/p>\n<p>O estudo completo foi realizado entre os dias 29 e 31 de agosto, ouvindo um total de 1.480 pessoas no estado de S\u00e3o Paulo. O registro oficial da pesquisa est\u00e1 devidamente protocolado no Tribunal Superior Eleitoral (TSE) sob a identifica\u00e7\u00e3o SP-00940\/2026.<\/p>\n<p>Por Reda\u00e7\u00e3o Acontece<\/p>\n<p>Reprodu\u00e7\u00e3o\/Metr\u00f3poles<\/p>\n","protected":false},"excerpt":{"rendered":"<p>A corrida pelas vagas no Senado Federal por S\u00e3o Paulo nas elei\u00e7\u00f5es de 2026 come\u00e7a a desenhar seus primeiros favoritos, conforme aponta um levantamento divulgado nesta ter\u00e7a-feira (1\/9) pela Vox Brasil. A disputa inicial mostra um cen\u00e1rio bastante embolado no topo, com nomes de peso da pol\u00edtica nacional e estadual dividindo a prefer\u00eancia do eleitorado [&hellip;]<\/p>\n","protected":false},"author":0,"featured_media":32940,"comment_status":"open","ping_status":"open","sticky":false,"template":"","format":"standard","meta":{"footnotes":""},"categories":[6],"tags":[],"class_list":["post-32935","post","type-post","status-publish","format-standard","has-post-thumbnail","hentry","category-mercosul"],"_links":{"self":[{"href":"https:\/\/acontecenafronteira.com.br\/index.php\/wp-json\/wp\/v2\/posts\/32935","targetHints":{"allow":["GET"]}}],"collection":[{"href":"https:\/\/acontecenafronteira.com.br\/index.php\/wp-json\/wp\/v2\/posts"}],"about":[{"href":"https:\/\/acontecenafronteira.com.br\/index.php\/wp-json\/wp\/v2\/types\/post"}],"replies":[{"embeddable":true,"href":"https:\/\/acontecenafronteira.com.br\/index.php\/wp-json\/wp\/v2\/comments?post=32935"}],"version-history":[{"count":1,"href":"https:\/\/acontecenafronteira.com.br\/index.php\/wp-json\/wp\/v2\/posts\/32935\/revisions"}],"predecessor-version":[{"id":32939,"href":"https:\/\/acontecenafronteira.com.br\/index.php\/wp-json\/wp\/v2\/posts\/32935\/revisions\/32939"}],"wp:featuredmedia":[{"embeddable":true,"href":"https:\/\/acontecenafronteira.com.br\/index.php\/wp-json\/wp\/v2\/media\/32940"}],"wp:attachment":[{"href":"https:\/\/acontecenafronteira.com.br\/index.php\/wp-json\/wp\/v2\/media?parent=32935"}],"wp:term":[{"taxonomy":"category","embeddable":true,"href":"https:\/\/acontecenafronteira.com.br\/index.php\/wp-json\/wp\/v2\/categories?post=32935"},{"taxonomy":"post_tag","embeddable":true,"href":"https:\/\/acontecenafronteira.com.br\/index.php\/wp-json\/wp\/v2\/tags?post=32935"}],"curies":[{"name":"wp","href":"https:\/\/api.w.org\/{rel}","templated":true}]}}