{"id":32924,"date":"2026-09-01T00:36:27","date_gmt":"2026-09-01T03:36:27","guid":{"rendered":"https:\/\/acontecenafronteira.com.br\/?p=32924"},"modified":"2026-09-01T00:36:27","modified_gmt":"2026-09-01T03:36:27","slug":"estudante-de-historia-da-ufrj-e-espancado-no-ifcs","status":"publish","type":"post","link":"https:\/\/acontecenafronteira.com.br\/index.php\/2026\/09\/01\/estudante-de-historia-da-ufrj-e-espancado-no-ifcs\/","title":{"rendered":"Estudante de Hist\u00f3ria da UFRJ \u00e9 espancado no IFCS"},"content":{"rendered":"<p>Um aluno do d\u00e9cimo per\u00edodo do curso de Hist\u00f3ria da Universidade Federal do Rio de Janeiro (UFRJ) foi brutalmente agredido por outros estudantes nas depend\u00eancias do Instituto de Filosofia e Ci\u00eancias Sociais (IFCS), situado na regi\u00e3o central da capital fluminense, durante a noite da \u00faltima ter\u00e7a-feira.<\/p>\n<h2>Agress\u00e3o e risco de morte no IFCS<\/h2>\n<p>A v\u00edtima, identificada como Diego Costa Ara\u00fajo, foi cercada por dezenas de pessoas e sofreu diversas agress\u00f5es f\u00edsicas. Durante o epis\u00f3dio de viol\u00eancia dentro do pr\u00e9dio hist\u00f3rico, o jovem foi empurrado escada abaixo, situa\u00e7\u00e3o que poderia ter resultado em sua morte devido \u00e0 gravidade da queda.<\/p>\n<h2>Campanha de difama\u00e7\u00e3o ap\u00f3s o espancamento<\/h2>\n<p>Al\u00e9m da viol\u00eancia f\u00edsica sofrida na ter\u00e7a-feira, o estudante passou a ser alvo de uma tentativa de destrui\u00e7\u00e3o de imagem no dia seguinte. Na noite de quarta-feira, os mesmos indiv\u00edduos envolvidos no espancamento iniciaram um processo de assassinato reputacional contra o aluno acuado.<\/p>\n<p>O caso segue repercutindo no meio acad\u00eamico e gera preocupa\u00e7\u00e3o quanto \u00e0 seguran\u00e7a e \u00e0 intoler\u00e2ncia dentro das institui\u00e7\u00f5es de ensino superior no pa\u00eds, expondo um cen\u00e1rio alarmante de viol\u00eancia entre universit\u00e1rios.<\/p>\n<p>Por Reda\u00e7\u00e3o Acontece<\/p>\n<p>Cr\u00e9ditos da imagem: Divulga\u00e7\u00e3o\/IFCS<\/p>\n","protected":false},"excerpt":{"rendered":"<p>Um aluno do d\u00e9cimo per\u00edodo do curso de Hist\u00f3ria da Universidade Federal do Rio de Janeiro (UFRJ) foi brutalmente agredido por outros estudantes nas depend\u00eancias do Instituto de Filosofia e Ci\u00eancias Sociais (IFCS), situado na regi\u00e3o central da capital fluminense, durante a noite da \u00faltima ter\u00e7a-feira. Agress\u00e3o e risco de morte no IFCS A v\u00edtima, [&hellip;]<\/p>\n","protected":false},"author":0,"featured_media":32931,"comment_status":"open","ping_status":"open","sticky":false,"template":"","format":"standard","meta":{"footnotes":""},"categories":[28],"tags":[],"class_list":["post-32924","post","type-post","status-publish","format-standard","has-post-thumbnail","hentry","category-mundo"],"_links":{"self":[{"href":"https:\/\/acontecenafronteira.com.br\/index.php\/wp-json\/wp\/v2\/posts\/32924","targetHints":{"allow":["GET"]}}],"collection":[{"href":"https:\/\/acontecenafronteira.com.br\/index.php\/wp-json\/wp\/v2\/posts"}],"about":[{"href":"https:\/\/acontecenafronteira.com.br\/index.php\/wp-json\/wp\/v2\/types\/post"}],"replies":[{"embeddable":true,"href":"https:\/\/acontecenafronteira.com.br\/index.php\/wp-json\/wp\/v2\/comments?post=32924"}],"version-history":[{"count":1,"href":"https:\/\/acontecenafronteira.com.br\/index.php\/wp-json\/wp\/v2\/posts\/32924\/revisions"}],"predecessor-version":[{"id":32930,"href":"https:\/\/acontecenafronteira.com.br\/index.php\/wp-json\/wp\/v2\/posts\/32924\/revisions\/32930"}],"wp:featuredmedia":[{"embeddable":true,"href":"https:\/\/acontecenafronteira.com.br\/index.php\/wp-json\/wp\/v2\/media\/32931"}],"wp:attachment":[{"href":"https:\/\/acontecenafronteira.com.br\/index.php\/wp-json\/wp\/v2\/media?parent=32924"}],"wp:term":[{"taxonomy":"category","embeddable":true,"href":"https:\/\/acontecenafronteira.com.br\/index.php\/wp-json\/wp\/v2\/categories?post=32924"},{"taxonomy":"post_tag","embeddable":true,"href":"https:\/\/acontecenafronteira.com.br\/index.php\/wp-json\/wp\/v2\/tags?post=32924"}],"curies":[{"name":"wp","href":"https:\/\/api.w.org\/{rel}","templated":true}]}}