{"id":32923,"date":"2026-09-01T00:36:18","date_gmt":"2026-09-01T03:36:18","guid":{"rendered":"https:\/\/acontecenafronteira.com.br\/?p=32923"},"modified":"2026-09-01T00:36:18","modified_gmt":"2026-09-01T03:36:18","slug":"fim-da-biometria-no-inss-eleva-risco-de-fraude-em-consignados","status":"publish","type":"post","link":"https:\/\/acontecenafronteira.com.br\/index.php\/2026\/09\/01\/fim-da-biometria-no-inss-eleva-risco-de-fraude-em-consignados\/","title":{"rendered":"Fim da biometria no INSS eleva risco de fraude em consignados"},"content":{"rendered":"<p>A flexibiliza\u00e7\u00e3o das regras de seguran\u00e7a pelo Instituto Nacional do Seguro Social acende um alerta vermelho sobre a prote\u00e7\u00e3o financeira de aposentados e pensionistas brasileiros.<\/p>\n<h2>O perigo da flexibiliza\u00e7\u00e3o no cr\u00e9dito consignado<\/h2>\n<p>A decis\u00e3o do \u00f3rg\u00e3o de retirar a obrigatoriedade da biometria facial para a contrata\u00e7\u00e3o de empr\u00e9stimos consignados foi considerada arriscada por especialistas em seguran\u00e7a digital. A exig\u00eancia havia sido estabelecida em maio como resposta direta a uma onda de fraudes que afetou milh\u00f5es de idosos por meio de cobran\u00e7as e descontos n\u00e3o autorizados em seus benef\u00edcios.<\/p>\n<h2>Novas regras no aplicativo Meu INSS<\/h2>\n<p>Apesar do hist\u00f3rico recente de golpes, uma instru\u00e7\u00e3o normativa recente afrouxou o cerco e passou a autorizar as opera\u00e7\u00f5es na plataforma digital utilizando apenas os dados da conta banc\u00e1ria e a anu\u00eancia do titular. Para analistas do setor, a medida representa um retrocesso preocupante, especialmente em um momento de alta nos crimes cibern\u00e9ticos que exigem barreiras tecnol\u00f3gicas mais rigorosas para proteger o cidad\u00e3o.<\/p>\n<p>O cen\u00e1rio atual demanda vigil\u00e2ncia constante das autoridades competentes para evitar que a popula\u00e7\u00e3o vulner\u00e1vel volte a ser alvo f\u00e1cil de esquemas criminosos.<\/p>\n<p>Por Reda\u00e7\u00e3o Acontece<\/p>\n<p>Cr\u00e9ditos da imagem: Divulga\u00e7\u00e3o \/ INSS<\/p>\n","protected":false},"excerpt":{"rendered":"<p>A flexibiliza\u00e7\u00e3o das regras de seguran\u00e7a pelo Instituto Nacional do Seguro Social acende um alerta vermelho sobre a prote\u00e7\u00e3o financeira de aposentados e pensionistas brasileiros. O perigo da flexibiliza\u00e7\u00e3o no cr\u00e9dito consignado A decis\u00e3o do \u00f3rg\u00e3o de retirar a obrigatoriedade da biometria facial para a contrata\u00e7\u00e3o de empr\u00e9stimos consignados foi considerada arriscada por especialistas em [&hellip;]<\/p>\n","protected":false},"author":0,"featured_media":32929,"comment_status":"open","ping_status":"open","sticky":false,"template":"","format":"standard","meta":{"footnotes":""},"categories":[28],"tags":[],"class_list":["post-32923","post","type-post","status-publish","format-standard","has-post-thumbnail","hentry","category-mundo"],"_links":{"self":[{"href":"https:\/\/acontecenafronteira.com.br\/index.php\/wp-json\/wp\/v2\/posts\/32923","targetHints":{"allow":["GET"]}}],"collection":[{"href":"https:\/\/acontecenafronteira.com.br\/index.php\/wp-json\/wp\/v2\/posts"}],"about":[{"href":"https:\/\/acontecenafronteira.com.br\/index.php\/wp-json\/wp\/v2\/types\/post"}],"replies":[{"embeddable":true,"href":"https:\/\/acontecenafronteira.com.br\/index.php\/wp-json\/wp\/v2\/comments?post=32923"}],"version-history":[{"count":1,"href":"https:\/\/acontecenafronteira.com.br\/index.php\/wp-json\/wp\/v2\/posts\/32923\/revisions"}],"predecessor-version":[{"id":32928,"href":"https:\/\/acontecenafronteira.com.br\/index.php\/wp-json\/wp\/v2\/posts\/32923\/revisions\/32928"}],"wp:featuredmedia":[{"embeddable":true,"href":"https:\/\/acontecenafronteira.com.br\/index.php\/wp-json\/wp\/v2\/media\/32929"}],"wp:attachment":[{"href":"https:\/\/acontecenafronteira.com.br\/index.php\/wp-json\/wp\/v2\/media?parent=32923"}],"wp:term":[{"taxonomy":"category","embeddable":true,"href":"https:\/\/acontecenafronteira.com.br\/index.php\/wp-json\/wp\/v2\/categories?post=32923"},{"taxonomy":"post_tag","embeddable":true,"href":"https:\/\/acontecenafronteira.com.br\/index.php\/wp-json\/wp\/v2\/tags?post=32923"}],"curies":[{"name":"wp","href":"https:\/\/api.w.org\/{rel}","templated":true}]}}