{"id":32922,"date":"2026-09-01T00:36:14","date_gmt":"2026-09-01T03:36:14","guid":{"rendered":"https:\/\/acontecenafronteira.com.br\/?p=32922"},"modified":"2026-09-01T00:36:14","modified_gmt":"2026-09-01T03:36:14","slug":"prejuizo-dos-correios-dispara-apos-paralisacao-de-privatizacao","status":"publish","type":"post","link":"https:\/\/acontecenafronteira.com.br\/index.php\/2026\/09\/01\/prejuizo-dos-correios-dispara-apos-paralisacao-de-privatizacao\/","title":{"rendered":"Preju\u00edzo dos Correios dispara ap\u00f3s paralisa\u00e7\u00e3o de privatiza\u00e7\u00e3o"},"content":{"rendered":"<p>A decis\u00e3o do governo federal de retirar os Correios do programa de desestatiza\u00e7\u00e3o tem gerado um impacto financeiro bilion\u00e1rio aos cofres p\u00fablicos brasileiros desde abril de 2023.<\/p>\n<h2>Escalada vertiginosa no d\u00e9ficit da estatal<\/h2>\n<p>A justificativa inicial da gest\u00e3o petista era garantir o cumprimento da fun\u00e7\u00e3o social da companhia postal, mas o resultado pr\u00e1tico tem sido uma deteriora\u00e7\u00e3o cont\u00ednua das finan\u00e7as.<\/p>\n<p>No primeiro ano da atual administra\u00e7\u00e3o, a estatal registrou um resultado negativo de <b>R$ 597 milh\u00f5es<\/b>.<\/p>\n<h2>Aprofundamento da crise financeira<\/h2>\n<p>O cen\u00e1rio econ\u00f4mico da empresa piorou drasticamente nos per\u00edodos seguintes. Em 2024, o saldo negativo saltou para <b>R$ 2,6 bilh\u00f5es<\/b> e alcan\u00e7ou impressionantes <b>R$ 8,5 bilh\u00f5es<\/b> no ano passado.<\/p>\n<p>A trajet\u00f3ria de instabilidade se manteve no per\u00edodo recente, com o primeiro semestre acumulando um rombo de <b>R$ 5,5 bilh\u00f5es<\/b>, o que indica uma forte tend\u00eancia de novo recorde negativo at\u00e9 o encerramento do ano.<\/p>\n<p>Historicamente, a companhia n\u00e3o registra lucro em um trimestre desde setembro de 2022.<\/p>\n<h2>Impacto direto no Or\u00e7amento da Uni\u00e3o<\/h2>\n<p>Como reflexo dessa deteriora\u00e7\u00e3o cont\u00ednua, o projeto de Or\u00e7amento para 2027 encaminhado ao Congresso Nacional j\u00e1 prev\u00ea a necessidade de um repasse de <b>R$ 6 bilh\u00f5es<\/b> do Tesouro Nacional para socorrer a empresa.<\/p>\n<p>O encargo financeiro decorrente da manuten\u00e7\u00e3o da estatal sob controle estatal exclusivo evidencia o peso das escolhas pol\u00edticas na economia do pa\u00eds.<\/p>\n<p>Por Reda\u00e7\u00e3o Acontece<\/p>\n<p>Cr\u00e9dito da imagem: Divulga\u00e7\u00e3o\/Correios<\/p>\n","protected":false},"excerpt":{"rendered":"<p>A decis\u00e3o do governo federal de retirar os Correios do programa de desestatiza\u00e7\u00e3o tem gerado um impacto financeiro bilion\u00e1rio aos cofres p\u00fablicos brasileiros desde abril de 2023. Escalada vertiginosa no d\u00e9ficit da estatal A justificativa inicial da gest\u00e3o petista era garantir o cumprimento da fun\u00e7\u00e3o social da companhia postal, mas o resultado pr\u00e1tico tem sido [&hellip;]<\/p>\n","protected":false},"author":0,"featured_media":32927,"comment_status":"open","ping_status":"open","sticky":false,"template":"","format":"standard","meta":{"footnotes":""},"categories":[28],"tags":[],"class_list":["post-32922","post","type-post","status-publish","format-standard","has-post-thumbnail","hentry","category-mundo"],"_links":{"self":[{"href":"https:\/\/acontecenafronteira.com.br\/index.php\/wp-json\/wp\/v2\/posts\/32922","targetHints":{"allow":["GET"]}}],"collection":[{"href":"https:\/\/acontecenafronteira.com.br\/index.php\/wp-json\/wp\/v2\/posts"}],"about":[{"href":"https:\/\/acontecenafronteira.com.br\/index.php\/wp-json\/wp\/v2\/types\/post"}],"replies":[{"embeddable":true,"href":"https:\/\/acontecenafronteira.com.br\/index.php\/wp-json\/wp\/v2\/comments?post=32922"}],"version-history":[{"count":1,"href":"https:\/\/acontecenafronteira.com.br\/index.php\/wp-json\/wp\/v2\/posts\/32922\/revisions"}],"predecessor-version":[{"id":32926,"href":"https:\/\/acontecenafronteira.com.br\/index.php\/wp-json\/wp\/v2\/posts\/32922\/revisions\/32926"}],"wp:featuredmedia":[{"embeddable":true,"href":"https:\/\/acontecenafronteira.com.br\/index.php\/wp-json\/wp\/v2\/media\/32927"}],"wp:attachment":[{"href":"https:\/\/acontecenafronteira.com.br\/index.php\/wp-json\/wp\/v2\/media?parent=32922"}],"wp:term":[{"taxonomy":"category","embeddable":true,"href":"https:\/\/acontecenafronteira.com.br\/index.php\/wp-json\/wp\/v2\/categories?post=32922"},{"taxonomy":"post_tag","embeddable":true,"href":"https:\/\/acontecenafronteira.com.br\/index.php\/wp-json\/wp\/v2\/tags?post=32922"}],"curies":[{"name":"wp","href":"https:\/\/api.w.org\/{rel}","templated":true}]}}