{"id":32914,"date":"2026-09-01T00:36:04","date_gmt":"2026-09-01T03:36:04","guid":{"rendered":"https:\/\/acontecenafronteira.com.br\/?p=32914"},"modified":"2026-09-01T00:36:04","modified_gmt":"2026-09-01T03:36:04","slug":"candidatos-ao-governo-do-parana-movimentam-agendas-de-campanha","status":"publish","type":"post","link":"https:\/\/acontecenafronteira.com.br\/index.php\/2026\/09\/01\/candidatos-ao-governo-do-parana-movimentam-agendas-de-campanha\/","title":{"rendered":"Candidatos ao governo do Paran\u00e1 movimentam agendas de campanha"},"content":{"rendered":"<p>Nesta segunda-feira (31), os postulantes ao Pal\u00e1cio Igua\u00e7u intensificaram suas campanhas pol\u00edticas com compromissos variados que abrangeram desde sabatinas em ve\u00edculos de comunica\u00e7\u00e3o at\u00e9 viagens interestaduais. Nomes como <b>Requi\u00e3o Filho (PDT)<\/b>, <b>Sandro Alex (PSD)<\/b> e <b>S\u00e9rgio Moro (PL)<\/b> marcaram presen\u00e7a em sabatinas, encontros setoriais e debates.<\/p>\n<h2>Compromissos dos principais nomes da disputa<\/h2>\n<p>O in\u00edcio da corrida eleitoral de 2026, oficializada em 16 de agosto, autoriza o pedido expl\u00edcito de votos, realiza\u00e7\u00e3o de com\u00edcios, carreatas e a difus\u00e3o de planos de governo em meios de comunica\u00e7\u00e3o e na internet, conforme as normativas da Justi\u00e7a Eleitoral.<\/p>\n<h3>Entrevistas e propostas pelo estado<\/h3>\n<p>O candidato <b>Requi\u00e3o Filho (PDT)<\/b> abriu o dia participando de uma entrevista na r\u00e1dio Banda B, onde destacou a inten\u00e7\u00e3o de reduzir a carga tribut\u00e1ria do <b>ICMS<\/b> para micro e pequenas empresas paranaenses caso ven\u00e7a o pleito. J\u00e1 <b>Sandro Alex (PSD)<\/b> iniciou os trabalhos reunindo-se com o Sindicato dos M\u00e9dicos Veterin\u00e1rios, em Curitiba, cumprindo ainda agendas de grava\u00e7\u00f5es, entrevistas e a participa\u00e7\u00e3o na posse do novo reitor da <b>Universidade Estadual de Ponta Grossa (UEPG)<\/b>.<\/p>\n<h3>Movimenta\u00e7\u00f5es fora do territ\u00f3rio paranaense<\/h3>\n<p>Enquanto isso, <b>S\u00e9rgio Moro (PL)<\/b> direcionou sua rota para o estado de S\u00e3o Paulo, participando de um congresso voltado \u00e0 seguran\u00e7a p\u00fablica promovido pela <b>Fiesp<\/b> e encerrando o expediente em um podcast. Em Curitiba, <b>Alexandre Salom\u00e3o (Mobiliza)<\/b> focou na Regi\u00e3o Metropolitana, concedendo sabatinas e realizando transmiss\u00f5es ao vivo.<\/p>\n<p>Por sua vez, <b>Luiz Fran\u00e7a (Miss\u00e3o)<\/b> e <b>Samuel Mattos (PSTU)<\/b> confirmaram forte presen\u00e7a nas sabatinas organizadas pelo Sindicato dos Metal\u00fargicos da Grande Curitiba, com Fran\u00e7a tamb\u00e9m dedicando tempo a grava\u00e7\u00f5es televisivas e lives na internet.<\/p>\n<p>O pleito que definir\u00e1 o futuro chefe do Executivo estadual est\u00e1 agendado para o dia 4 de outubro em primeiro turno, com eventual segundo turno no dia 25 do mesmo m\u00eas. A disputa conta atualmente com oito candidaturas oficializadas por diferentes legendas partid\u00e1rias.<\/p>\n<p>Por Reda\u00e7\u00e3o Acontece<\/p>\n<p>Natalia Filippin\/G1 e Marcelo Camargo\/Ag\u00eancia Brasil<\/p>\n","protected":false},"excerpt":{"rendered":"<p>Nesta segunda-feira (31), os postulantes ao Pal\u00e1cio Igua\u00e7u intensificaram suas campanhas pol\u00edticas com compromissos variados que abrangeram desde sabatinas em ve\u00edculos de comunica\u00e7\u00e3o at\u00e9 viagens interestaduais. Nomes como Requi\u00e3o Filho (PDT), Sandro Alex (PSD) e S\u00e9rgio Moro (PL) marcaram presen\u00e7a em sabatinas, encontros setoriais e debates. Compromissos dos principais nomes da disputa O in\u00edcio da [&hellip;]<\/p>\n","protected":false},"author":0,"featured_media":32921,"comment_status":"open","ping_status":"open","sticky":false,"template":"","format":"standard","meta":{"footnotes":""},"categories":[18],"tags":[],"class_list":["post-32914","post","type-post","status-publish","format-standard","has-post-thumbnail","hentry","category-parana"],"_links":{"self":[{"href":"https:\/\/acontecenafronteira.com.br\/index.php\/wp-json\/wp\/v2\/posts\/32914","targetHints":{"allow":["GET"]}}],"collection":[{"href":"https:\/\/acontecenafronteira.com.br\/index.php\/wp-json\/wp\/v2\/posts"}],"about":[{"href":"https:\/\/acontecenafronteira.com.br\/index.php\/wp-json\/wp\/v2\/types\/post"}],"replies":[{"embeddable":true,"href":"https:\/\/acontecenafronteira.com.br\/index.php\/wp-json\/wp\/v2\/comments?post=32914"}],"version-history":[{"count":1,"href":"https:\/\/acontecenafronteira.com.br\/index.php\/wp-json\/wp\/v2\/posts\/32914\/revisions"}],"predecessor-version":[{"id":32920,"href":"https:\/\/acontecenafronteira.com.br\/index.php\/wp-json\/wp\/v2\/posts\/32914\/revisions\/32920"}],"wp:featuredmedia":[{"embeddable":true,"href":"https:\/\/acontecenafronteira.com.br\/index.php\/wp-json\/wp\/v2\/media\/32921"}],"wp:attachment":[{"href":"https:\/\/acontecenafronteira.com.br\/index.php\/wp-json\/wp\/v2\/media?parent=32914"}],"wp:term":[{"taxonomy":"category","embeddable":true,"href":"https:\/\/acontecenafronteira.com.br\/index.php\/wp-json\/wp\/v2\/categories?post=32914"},{"taxonomy":"post_tag","embeddable":true,"href":"https:\/\/acontecenafronteira.com.br\/index.php\/wp-json\/wp\/v2\/tags?post=32914"}],"curies":[{"name":"wp","href":"https:\/\/api.w.org\/{rel}","templated":true}]}}