{"id":32912,"date":"2026-09-01T00:35:56","date_gmt":"2026-09-01T03:35:56","guid":{"rendered":"https:\/\/acontecenafronteira.com.br\/?p=32912"},"modified":"2026-09-01T00:35:56","modified_gmt":"2026-09-01T03:35:56","slug":"aviao-da-latam-sai-da-pista-durante-pouso-no-parana","status":"publish","type":"post","link":"https:\/\/acontecenafronteira.com.br\/index.php\/2026\/09\/01\/aviao-da-latam-sai-da-pista-durante-pouso-no-parana\/","title":{"rendered":"Avi\u00e3o da Latam sai da pista durante pouso no Paran\u00e1"},"content":{"rendered":"<p>Uma aeronave da Latam que realizava o voo LA3858 ultrapassou os limites da pista durante o procedimento de pouso no Aeroporto Regional de Cascavel, localizado no oeste do paran\u00e1, na manh\u00e3 desta segunda-feira (31). O incidente envolveu um total de 145 passageiros e seis tripulantes, sem registro de feridos.<\/p>\n<h2>Relato de passageiro sobre o incidente<\/h2>\n<p>O passageiro Renato Borca, de 41 anos, descreveu os momentos de tens\u00e3o vividos a bordo. Segundo seu relato, a tripula\u00e7\u00e3o havia avisado inicialmente sobre a possibilidade de aguardar em \u00f3rbita antes da aterrissagem, mas a autoriza\u00e7\u00e3o para o pouso foi concedida cerca de dez minutos mais tarde.<\/p>\n<p>O avi\u00e3o desceu em uma velocidade considerada elevada e, logo ap\u00f3s tocar o solo, desviou inesperadamente para a esquerda, parando em uma \u00e1rea de lama adjacente \u00e0 pista. Em v\u00eddeos gravados logo ap\u00f3s a aterrissagem, \u00e9 poss\u00edvel ver os ocupantes caminhando a p\u00e9 em dire\u00e7\u00e3o ao terminal de passageiros.<\/p>\n<h2>Situa\u00e7\u00e3o do aeroporto e investiga\u00e7\u00f5es<\/h2>\n<p>Ap\u00f3s a ocorr\u00eancia, o terminal aeroportu\u00e1rio foi totalmente fechado para opera\u00e7\u00f5es de pouso e decolagem, aguardando a remo\u00e7\u00e3o da aeronave. A companhia a\u00e9rea informou que disponibilizar\u00e1 equipamentos espec\u00edficos para realizar a retirada do avi\u00e3o do local com seguran\u00e7a.<\/p>\n<p>As causas que levar\u00e3o a aeronave a sair da pista ser\u00e3o investigadas pelas autoridades competentes. Em nota oficial, a empresa respons\u00e1vel pelo voo destacou que todos os ocupantes desembarcaram em seguran\u00e7a e que est\u00e1 prestando o suporte necess\u00e1rio aos clientes e funcion\u00e1rios, al\u00e9m de cooperar com a apura\u00e7\u00e3o dos fatos.<\/p>\n<p>Por Reda\u00e7\u00e3o Acontece<\/p>\n<p>Arte\/ g1<\/p>\n","protected":false},"excerpt":{"rendered":"<p>Uma aeronave da Latam que realizava o voo LA3858 ultrapassou os limites da pista durante o procedimento de pouso no Aeroporto Regional de Cascavel, localizado no oeste do paran\u00e1, na manh\u00e3 desta segunda-feira (31). O incidente envolveu um total de 145 passageiros e seis tripulantes, sem registro de feridos. Relato de passageiro sobre o incidente [&hellip;]<\/p>\n","protected":false},"author":0,"featured_media":32918,"comment_status":"open","ping_status":"open","sticky":false,"template":"","format":"standard","meta":{"footnotes":""},"categories":[18],"tags":[],"class_list":["post-32912","post","type-post","status-publish","format-standard","has-post-thumbnail","hentry","category-parana"],"_links":{"self":[{"href":"https:\/\/acontecenafronteira.com.br\/index.php\/wp-json\/wp\/v2\/posts\/32912","targetHints":{"allow":["GET"]}}],"collection":[{"href":"https:\/\/acontecenafronteira.com.br\/index.php\/wp-json\/wp\/v2\/posts"}],"about":[{"href":"https:\/\/acontecenafronteira.com.br\/index.php\/wp-json\/wp\/v2\/types\/post"}],"replies":[{"embeddable":true,"href":"https:\/\/acontecenafronteira.com.br\/index.php\/wp-json\/wp\/v2\/comments?post=32912"}],"version-history":[{"count":1,"href":"https:\/\/acontecenafronteira.com.br\/index.php\/wp-json\/wp\/v2\/posts\/32912\/revisions"}],"predecessor-version":[{"id":32917,"href":"https:\/\/acontecenafronteira.com.br\/index.php\/wp-json\/wp\/v2\/posts\/32912\/revisions\/32917"}],"wp:featuredmedia":[{"embeddable":true,"href":"https:\/\/acontecenafronteira.com.br\/index.php\/wp-json\/wp\/v2\/media\/32918"}],"wp:attachment":[{"href":"https:\/\/acontecenafronteira.com.br\/index.php\/wp-json\/wp\/v2\/media?parent=32912"}],"wp:term":[{"taxonomy":"category","embeddable":true,"href":"https:\/\/acontecenafronteira.com.br\/index.php\/wp-json\/wp\/v2\/categories?post=32912"},{"taxonomy":"post_tag","embeddable":true,"href":"https:\/\/acontecenafronteira.com.br\/index.php\/wp-json\/wp\/v2\/tags?post=32912"}],"curies":[{"name":"wp","href":"https:\/\/api.w.org\/{rel}","templated":true}]}}