{"id":32902,"date":"2026-08-31T23:36:26","date_gmt":"2026-09-01T02:36:26","guid":{"rendered":"https:\/\/acontecenafronteira.com.br\/?p=32902"},"modified":"2026-08-31T23:36:26","modified_gmt":"2026-09-01T02:36:26","slug":"alcolumbre-indica-rodrigo-pacheco-para-vaga-no-tcu","status":"publish","type":"post","link":"https:\/\/acontecenafronteira.com.br\/index.php\/2026\/08\/31\/alcolumbre-indica-rodrigo-pacheco-para-vaga-no-tcu\/","title":{"rendered":"Alcolumbre indica Rodrigo Pacheco para vaga no TCU"},"content":{"rendered":"<p>O Senado Federal formalizou nesta segunda-feira (31\/8) a indica\u00e7\u00e3o do senador <strong>Rodrigo Pacheco<\/strong> (PSB-MG) para o posto de ministro do Tribunal de Contas da Uni\u00e3o (TCU).<\/p>\n<h2>O tr\u00e2mite no Congresso<\/h2>\n<p>A designa\u00e7\u00e3o do ex-presidente da Casa integra o Projeto de Decreto Legislativo n\u00ba 995\/2026, protocolado pelo l\u00edder do Senado, <strong>Davi Alcolumbre<\/strong> (Uni\u00e3o-AP), com o endosso de outros 19 parlamentares. A movimenta\u00e7\u00e3o ocorreu simultaneamente ao comunicado oficial do TCU sobre a ren\u00fancia de <strong>Bruno Dantas<\/strong>, movimenta\u00e7\u00e3o que gerou a cadeira em aberto.<\/p>\n<p>Aliados de Pacheco projetam a aprecia\u00e7\u00e3o do nome para a pr\u00f3xima quarta-feira (2\/9), aproveitando o esfor\u00e7o concentrado e as sess\u00f5es presenciais. O plano \u00e9 submeter a escolha diretamente ao plen\u00e1rio, adotando voto secreto e dispensando a sabatina formal em comiss\u00e3o.<\/p>\n<h2>Regras e precedentes da escolha<\/h2>\n<p>O protocolo padr\u00e3o para preencher cadeiras do TCU sob al\u00e7ada do Legislativo exige indica\u00e7\u00e3o de l\u00edderes e an\u00e1lise pr\u00e9via na Comiss\u00e3o de Assuntos Econ\u00f4micos, incluindo argui\u00e7\u00e3o p\u00fablica, conforme o Decreto Legislativo n\u00ba 6\/1993.<\/p>\n<p>Contudo, existe um precedente hist\u00f3rico de 2007, quando o plen\u00e1rio votou diretamente a indica\u00e7\u00e3o de Raimundo Carreiro amparado em acordo de lideran\u00e7as. A justificativa jur\u00eddica \u00e9 que a Constitui\u00e7\u00e3o n\u00e3o imp\u00f5e sabatina obrigat\u00f3ria para ministros do TCU escolhidos pelo Congresso, cabendo ao regimento interno tal exig\u00eancia.<\/p>\n<p>Por se tratar de uma vaga pertencente \u00e0 cota legislativa, o processo difere de indica\u00e7\u00f5es executivas para tribunais superiores. Al\u00e9m do crivo dos senadores, a nomea\u00e7\u00e3o de Pacheco depender\u00e1 obrigatoriamente da aprova\u00e7\u00e3o na C\u00e2mara dos Deputados.<\/p>\n<h2>Apoio do governo e contexto pol\u00edtico<\/h2>\n<p>A gest\u00e3o do presidente <strong>Luiz In\u00e1cio Lula da Silva<\/strong> (PT) tende a orientar voto favor\u00e1vel \u00e0 condu\u00e7\u00e3o de Pacheco ao tribunal de contas. O respaldo ocorre meses ap\u00f3s o parlamentar ser deixado de lado na disputa por uma cadeira no Supremo Tribunal Federal.<\/p>\n<p>Na ocasi\u00e3o, Alcolumbre patrocinava o nome de Pacheco para suceder Lu\u00eds Roberto Barroso, mas o Planalto optou por Jorge Messias, gerando atritos institucionais. Com a rejei\u00e7\u00e3o de Messias pelo plen\u00e1rio em abril e a forte oposi\u00e7\u00e3o articulada por Alcolumbre, a vaga no TCU emergi\u0142a como alternativa pol\u00edtica constru\u00edda pelo atual presidente do Senado para contemplar seu aliado.<\/p>\n<p>Por Reda\u00e7\u00e3o Acontece<\/p>\n<p>Foto: Divulga\u00e7\u00e3o \/ Ag\u00eancia Senado<\/p>\n","protected":false},"excerpt":{"rendered":"<p>O Senado Federal formalizou nesta segunda-feira (31\/8) a indica\u00e7\u00e3o do senador Rodrigo Pacheco (PSB-MG) para o posto de ministro do Tribunal de Contas da Uni\u00e3o (TCU). O tr\u00e2mite no Congresso A designa\u00e7\u00e3o do ex-presidente da Casa integra o Projeto de Decreto Legislativo n\u00ba 995\/2026, protocolado pelo l\u00edder do Senado, Davi Alcolumbre (Uni\u00e3o-AP), com o endosso [&hellip;]<\/p>\n","protected":false},"author":0,"featured_media":32910,"comment_status":"open","ping_status":"open","sticky":false,"template":"","format":"standard","meta":{"footnotes":""},"categories":[6],"tags":[],"class_list":["post-32902","post","type-post","status-publish","format-standard","has-post-thumbnail","hentry","category-mercosul"],"_links":{"self":[{"href":"https:\/\/acontecenafronteira.com.br\/index.php\/wp-json\/wp\/v2\/posts\/32902","targetHints":{"allow":["GET"]}}],"collection":[{"href":"https:\/\/acontecenafronteira.com.br\/index.php\/wp-json\/wp\/v2\/posts"}],"about":[{"href":"https:\/\/acontecenafronteira.com.br\/index.php\/wp-json\/wp\/v2\/types\/post"}],"replies":[{"embeddable":true,"href":"https:\/\/acontecenafronteira.com.br\/index.php\/wp-json\/wp\/v2\/comments?post=32902"}],"version-history":[{"count":1,"href":"https:\/\/acontecenafronteira.com.br\/index.php\/wp-json\/wp\/v2\/posts\/32902\/revisions"}],"predecessor-version":[{"id":32909,"href":"https:\/\/acontecenafronteira.com.br\/index.php\/wp-json\/wp\/v2\/posts\/32902\/revisions\/32909"}],"wp:featuredmedia":[{"embeddable":true,"href":"https:\/\/acontecenafronteira.com.br\/index.php\/wp-json\/wp\/v2\/media\/32910"}],"wp:attachment":[{"href":"https:\/\/acontecenafronteira.com.br\/index.php\/wp-json\/wp\/v2\/media?parent=32902"}],"wp:term":[{"taxonomy":"category","embeddable":true,"href":"https:\/\/acontecenafronteira.com.br\/index.php\/wp-json\/wp\/v2\/categories?post=32902"},{"taxonomy":"post_tag","embeddable":true,"href":"https:\/\/acontecenafronteira.com.br\/index.php\/wp-json\/wp\/v2\/tags?post=32902"}],"curies":[{"name":"wp","href":"https:\/\/api.w.org\/{rel}","templated":true}]}}