{"id":32901,"date":"2026-08-31T23:36:21","date_gmt":"2026-09-01T02:36:21","guid":{"rendered":"https:\/\/acontecenafronteira.com.br\/?p=32901"},"modified":"2026-08-31T23:36:21","modified_gmt":"2026-09-01T02:36:21","slug":"chuva-forte-em-itarare-afeta-300-casas-e-gera-ajuda-humanitaria","status":"publish","type":"post","link":"https:\/\/acontecenafronteira.com.br\/index.php\/2026\/08\/31\/chuva-forte-em-itarare-afeta-300-casas-e-gera-ajuda-humanitaria\/","title":{"rendered":"Chuva forte em Itarar\u00e9 afeta 300 casas e gera ajuda humanit\u00e1ria"},"content":{"rendered":"<p>Um levantamento oficial divulgado pelo Centro de Gerenciamento de Emerg\u00eancias Clim\u00e1ticas (CGE) revelou que mais de 300 resid\u00eancias sofreram danos em decorr\u00eancia das <strong>fortes chuvas<\/strong> que atingiram o munic\u00edpio de Itarar\u00e9, no interior paulista, no \u00faltimo domingo (30\/8).<\/p>\n<h2>A\u00e7\u00f5es de apoio e suprimentos enviados<\/h2>\n<p>Diante do cen\u00e1rio de destrui\u00e7\u00e3o deixado pelo temporal, a cidade passou a receber suporte humanit\u00e1rio imediato. A mobiliza\u00e7\u00e3o foi estruturada em conjunto pela Defesa Civil estadual e pelo Fundo Social de S\u00e3o Paulo nesta segunda-feira (31\/8), visando amparar a popula\u00e7\u00e3o vulner\u00e1vel.<\/p>\n<p>Entre os insumos despachados para a regi\u00e3o est\u00e3o 200 cestas b\u00e1sicas, 200 kits de higiene pessoal, 200 kits dormit\u00f3rio e 200 kits de limpeza, essenciais para a recupera\u00e7\u00e3o inicial dos moradores afetados.<\/p>\n<h2>Log\u00edstica de distribui\u00e7\u00e3o dos donativos<\/h2>\n<p>Al\u00e9m dos mantimentos e itens de higiene, a carga incluiu dois pallets de \u00e1gua mineral e um lote robusto de vestimentas, somando 15 caixas de roupas variadas entre masculinas, femininas e infantis, al\u00e9m de cinco caixas contendo cal\u00e7ados para todas as idades.<\/p>\n<p>A gest\u00e3o e entrega desses recursos ficar\u00e3o sob a responsabilidade da Prefeitura de Itarar\u00e9, operando atrav\u00e9s do sistema de assist\u00eancia social. Os profissionais do munic\u00edpio realizar\u00e3o o mapeamento das v\u00edtimas para direcionar os mantimentos de forma estrat\u00e9gica conforme a urg\u00eancia de cada n\u00facleo familiar.<\/p>\n<h2>Mudan\u00e7a brusca nas condi\u00e7\u00f5es meteorol\u00f3gicas<\/h2>\n<p>O epis\u00f3dio severo de precipita\u00e7\u00e3o ocorre em um momento de transi\u00e7\u00e3o clim\u00e1tica no estado. Ap\u00f3s uma sequ\u00eancia de dias com calor intenso e marcas t\u00e9rmicas superiores a 40\u00baC, uma nova frente fria ingressou no territ\u00f3rio paulista, provocando instabilidade e riscos de tempestades com raios, rajadas de vento de at\u00e9 75 km\/h e eventual queda de granizo em zonas isoladas.<\/p>\n<p>Por Reda\u00e7\u00e3o Acontece<\/p>\n<p>Foto: Divulga\u00e7\u00e3o\/Defesa Civil<\/p>\n","protected":false},"excerpt":{"rendered":"<p>Um levantamento oficial divulgado pelo Centro de Gerenciamento de Emerg\u00eancias Clim\u00e1ticas (CGE) revelou que mais de 300 resid\u00eancias sofreram danos em decorr\u00eancia das fortes chuvas que atingiram o munic\u00edpio de Itarar\u00e9, no interior paulista, no \u00faltimo domingo (30\/8). A\u00e7\u00f5es de apoio e suprimentos enviados Diante do cen\u00e1rio de destrui\u00e7\u00e3o deixado pelo temporal, a cidade passou [&hellip;]<\/p>\n","protected":false},"author":0,"featured_media":32908,"comment_status":"open","ping_status":"open","sticky":false,"template":"","format":"standard","meta":{"footnotes":""},"categories":[6],"tags":[],"class_list":["post-32901","post","type-post","status-publish","format-standard","has-post-thumbnail","hentry","category-mercosul"],"_links":{"self":[{"href":"https:\/\/acontecenafronteira.com.br\/index.php\/wp-json\/wp\/v2\/posts\/32901","targetHints":{"allow":["GET"]}}],"collection":[{"href":"https:\/\/acontecenafronteira.com.br\/index.php\/wp-json\/wp\/v2\/posts"}],"about":[{"href":"https:\/\/acontecenafronteira.com.br\/index.php\/wp-json\/wp\/v2\/types\/post"}],"replies":[{"embeddable":true,"href":"https:\/\/acontecenafronteira.com.br\/index.php\/wp-json\/wp\/v2\/comments?post=32901"}],"version-history":[{"count":1,"href":"https:\/\/acontecenafronteira.com.br\/index.php\/wp-json\/wp\/v2\/posts\/32901\/revisions"}],"predecessor-version":[{"id":32907,"href":"https:\/\/acontecenafronteira.com.br\/index.php\/wp-json\/wp\/v2\/posts\/32901\/revisions\/32907"}],"wp:featuredmedia":[{"embeddable":true,"href":"https:\/\/acontecenafronteira.com.br\/index.php\/wp-json\/wp\/v2\/media\/32908"}],"wp:attachment":[{"href":"https:\/\/acontecenafronteira.com.br\/index.php\/wp-json\/wp\/v2\/media?parent=32901"}],"wp:term":[{"taxonomy":"category","embeddable":true,"href":"https:\/\/acontecenafronteira.com.br\/index.php\/wp-json\/wp\/v2\/categories?post=32901"},{"taxonomy":"post_tag","embeddable":true,"href":"https:\/\/acontecenafronteira.com.br\/index.php\/wp-json\/wp\/v2\/tags?post=32901"}],"curies":[{"name":"wp","href":"https:\/\/api.w.org\/{rel}","templated":true}]}}