{"id":32900,"date":"2026-08-31T23:36:17","date_gmt":"2026-09-01T02:36:17","guid":{"rendered":"https:\/\/acontecenafronteira.com.br\/?p=32900"},"modified":"2026-08-31T23:36:17","modified_gmt":"2026-09-01T02:36:17","slug":"fa-se-revolta-apos-show-de-jon-secada-em-sao-paulo","status":"publish","type":"post","link":"https:\/\/acontecenafronteira.com.br\/index.php\/2026\/08\/31\/fa-se-revolta-apos-show-de-jon-secada-em-sao-paulo\/","title":{"rendered":"F\u00e3 se revolta ap\u00f3s show de Jon Secada em S\u00e3o Paulo"},"content":{"rendered":"<p>Uma advogada criminalista usou as redes sociais para denunciar problemas de organiza\u00e7\u00e3o e falta de considera\u00e7\u00e3o ap\u00f3s acompanhar a apresenta\u00e7\u00e3o do cantor Jon Secada na capital paulista, no \u00faltimo domingo (30\/8).<\/p>\n<h2>O in\u00edcio da admira\u00e7\u00e3o pelo artista<\/h2>\n<p>F\u00e3 declarada do m\u00fasico internacional, a profissional j\u00e1 havia tido um encontro anterior com o \u00eddolo anos antes. Essa proximidade inicial ocorreu ap\u00f3s a repercuss\u00e3o de uma tatuagem inspirada na obra do cantor, momento em que conheceu membros da equipe de apoio.<\/p>\n<h2>Promessa de reencontro nos bastidores<\/h2>\n<p>Ao retornar para assistir ao espet\u00e1culo na capital paulista, ela conversou com um dos produtores atuais da turn\u00ea. Conforme o relato, o profissional recordou-se dela e assegurou que o acesso aos bastidores estaria liberado ap\u00f3s o t\u00e9rmino da performance musical.<\/p>\n<h2>Esperan\u00e7a e frustra\u00e7\u00e3o na fila<\/h2>\n<p>No entanto, a situa\u00e7\u00e3o mudou drasticamente ap\u00f3s o encerramento do evento. O p\u00fablico permaneceu aguardando por cerca de duas horas, enfrentando problemas como fura-filas, at\u00e9 que a equipe comunicou o cancelamento repentino de todos os atendimentos sob a alega\u00e7\u00e3o de exaust\u00e3o do artista.<\/p>\n<p>Por Reda\u00e7\u00e3o Acontece<\/p>\n<p>Foto: Marcos Oliveira \/ Divulga\u00e7\u00e3o<\/p>\n","protected":false},"excerpt":{"rendered":"<p>Uma advogada criminalista usou as redes sociais para denunciar problemas de organiza\u00e7\u00e3o e falta de considera\u00e7\u00e3o ap\u00f3s acompanhar a apresenta\u00e7\u00e3o do cantor Jon Secada na capital paulista, no \u00faltimo domingo (30\/8). O in\u00edcio da admira\u00e7\u00e3o pelo artista F\u00e3 declarada do m\u00fasico internacional, a profissional j\u00e1 havia tido um encontro anterior com o \u00eddolo anos antes. [&hellip;]<\/p>\n","protected":false},"author":0,"featured_media":32906,"comment_status":"open","ping_status":"open","sticky":false,"template":"","format":"standard","meta":{"footnotes":""},"categories":[6],"tags":[],"class_list":["post-32900","post","type-post","status-publish","format-standard","has-post-thumbnail","hentry","category-mercosul"],"_links":{"self":[{"href":"https:\/\/acontecenafronteira.com.br\/index.php\/wp-json\/wp\/v2\/posts\/32900","targetHints":{"allow":["GET"]}}],"collection":[{"href":"https:\/\/acontecenafronteira.com.br\/index.php\/wp-json\/wp\/v2\/posts"}],"about":[{"href":"https:\/\/acontecenafronteira.com.br\/index.php\/wp-json\/wp\/v2\/types\/post"}],"replies":[{"embeddable":true,"href":"https:\/\/acontecenafronteira.com.br\/index.php\/wp-json\/wp\/v2\/comments?post=32900"}],"version-history":[{"count":1,"href":"https:\/\/acontecenafronteira.com.br\/index.php\/wp-json\/wp\/v2\/posts\/32900\/revisions"}],"predecessor-version":[{"id":32905,"href":"https:\/\/acontecenafronteira.com.br\/index.php\/wp-json\/wp\/v2\/posts\/32900\/revisions\/32905"}],"wp:featuredmedia":[{"embeddable":true,"href":"https:\/\/acontecenafronteira.com.br\/index.php\/wp-json\/wp\/v2\/media\/32906"}],"wp:attachment":[{"href":"https:\/\/acontecenafronteira.com.br\/index.php\/wp-json\/wp\/v2\/media?parent=32900"}],"wp:term":[{"taxonomy":"category","embeddable":true,"href":"https:\/\/acontecenafronteira.com.br\/index.php\/wp-json\/wp\/v2\/categories?post=32900"},{"taxonomy":"post_tag","embeddable":true,"href":"https:\/\/acontecenafronteira.com.br\/index.php\/wp-json\/wp\/v2\/tags?post=32900"}],"curies":[{"name":"wp","href":"https:\/\/api.w.org\/{rel}","templated":true}]}}