{"id":32899,"date":"2026-08-31T23:36:10","date_gmt":"2026-09-01T02:36:10","guid":{"rendered":"https:\/\/acontecenafronteira.com.br\/?p=32899"},"modified":"2026-08-31T23:36:10","modified_gmt":"2026-09-01T02:36:10","slug":"boeing-da-boliviana-de-aviacion-faz-pouso-de-emergencia-em-sp","status":"publish","type":"post","link":"https:\/\/acontecenafronteira.com.br\/index.php\/2026\/08\/31\/boeing-da-boliviana-de-aviacion-faz-pouso-de-emergencia-em-sp\/","title":{"rendered":"Boeing da Boliviana de Aviaci\u00f3n faz pouso de emerg\u00eancia em SP"},"content":{"rendered":"<p>Um avi\u00e3o comercial da Boliviana de Aviaci\u00f3n foi obrigado a retornar ao <strong>Aeroporto Internacional de S\u00e3o Paulo<\/strong>, em Guarulhos, na noite desta segunda-feira (31\/8), apenas meia hora ap\u00f3s a decolagem. O modelo Boeing 737 realizou um <strong>pouso emergencial<\/strong> por volta das 19h12, encerrando um voo que havia acabado de deixar o solo paulista.<\/p>\n<h2>Atua\u00e7\u00e3o r\u00e1pida das equipes de seguran\u00e7a<\/h2>\n<p>A administra\u00e7\u00e3o do terminal, a <strong>GRU Airport<\/strong>, confirmou que mobilizou todo o seu efetivo de prontid\u00e3o para acompanhar a aterrissagem da aeronave. O procedimento foi adotado como protocolo padr\u00e3o de seguran\u00e7a, permitindo que o avi\u00e3o tocasse a pista sem registrar maiores incidentes.<\/p>\n<h2>Registro do pouso e falta de esclarecimentos<\/h2>\n<p>A manobra inesperada foi capturada ao vivo pelo canal especializado <strong>Avia\u00e7\u00e3o Guarulhos JPD<\/strong>, no YouTube. Os registros em v\u00eddeo demonstram a forte movimenta\u00e7\u00e3o de viaturas de combate a inc\u00eandio e equipes de resgate posicionadas estrategicamente nas margens da pista antes da chegada da aeronave.<\/p>\n<p>At\u00e9 o momento, os motivos exatos que motivaram o retorno repentino da aeronave n\u00e3o foram divulgados oficialmente. A concession\u00e1ria respons\u00e1vel pelo aeroporto transferiu a responsabilidade por esclarecimentos adicionais para a empresa a\u00e9rea respons\u00e1vel pelo voo.<\/p>\n<p>O incidente gerou apreens\u00e3o entre passageiros e entusiastas da avia\u00e7\u00e3o que acompanhavam a rota, mas a r\u00e1pida resposta da torre de controle e da tripula\u00e7\u00e3o garantiu o desfecho seguro para todos a bordo.<\/p>\n<p>Por Reda\u00e7\u00e3o Acontece<\/p>\n<p>Cr\u00e9ditos da imagem: Reprodu\u00e7\u00e3o \/ Avia\u00e7\u00e3o Guarulhos JPD<\/p>\n","protected":false},"excerpt":{"rendered":"<p>Um avi\u00e3o comercial da Boliviana de Aviaci\u00f3n foi obrigado a retornar ao Aeroporto Internacional de S\u00e3o Paulo, em Guarulhos, na noite desta segunda-feira (31\/8), apenas meia hora ap\u00f3s a decolagem. O modelo Boeing 737 realizou um pouso emergencial por volta das 19h12, encerrando um voo que havia acabado de deixar o solo paulista. Atua\u00e7\u00e3o r\u00e1pida [&hellip;]<\/p>\n","protected":false},"author":0,"featured_media":32904,"comment_status":"open","ping_status":"open","sticky":false,"template":"","format":"standard","meta":{"footnotes":""},"categories":[6],"tags":[],"class_list":["post-32899","post","type-post","status-publish","format-standard","has-post-thumbnail","hentry","category-mercosul"],"_links":{"self":[{"href":"https:\/\/acontecenafronteira.com.br\/index.php\/wp-json\/wp\/v2\/posts\/32899","targetHints":{"allow":["GET"]}}],"collection":[{"href":"https:\/\/acontecenafronteira.com.br\/index.php\/wp-json\/wp\/v2\/posts"}],"about":[{"href":"https:\/\/acontecenafronteira.com.br\/index.php\/wp-json\/wp\/v2\/types\/post"}],"replies":[{"embeddable":true,"href":"https:\/\/acontecenafronteira.com.br\/index.php\/wp-json\/wp\/v2\/comments?post=32899"}],"version-history":[{"count":1,"href":"https:\/\/acontecenafronteira.com.br\/index.php\/wp-json\/wp\/v2\/posts\/32899\/revisions"}],"predecessor-version":[{"id":32903,"href":"https:\/\/acontecenafronteira.com.br\/index.php\/wp-json\/wp\/v2\/posts\/32899\/revisions\/32903"}],"wp:featuredmedia":[{"embeddable":true,"href":"https:\/\/acontecenafronteira.com.br\/index.php\/wp-json\/wp\/v2\/media\/32904"}],"wp:attachment":[{"href":"https:\/\/acontecenafronteira.com.br\/index.php\/wp-json\/wp\/v2\/media?parent=32899"}],"wp:term":[{"taxonomy":"category","embeddable":true,"href":"https:\/\/acontecenafronteira.com.br\/index.php\/wp-json\/wp\/v2\/categories?post=32899"},{"taxonomy":"post_tag","embeddable":true,"href":"https:\/\/acontecenafronteira.com.br\/index.php\/wp-json\/wp\/v2\/tags?post=32899"}],"curies":[{"name":"wp","href":"https:\/\/api.w.org\/{rel}","templated":true}]}}