{"id":32890,"date":"2026-08-31T23:36:05","date_gmt":"2026-09-01T02:36:05","guid":{"rendered":"https:\/\/acontecenafronteira.com.br\/?p=32890"},"modified":"2026-08-31T23:36:05","modified_gmt":"2026-09-01T02:36:05","slug":"haddad-critica-tarcisio-e-aponta-crise-fiscal-em-sp","status":"publish","type":"post","link":"https:\/\/acontecenafronteira.com.br\/index.php\/2026\/08\/31\/haddad-critica-tarcisio-e-aponta-crise-fiscal-em-sp\/","title":{"rendered":"Haddad critica Tarc\u00edsio e aponta crise fiscal em SP"},"content":{"rendered":"<p>Durante participa\u00e7\u00e3o em um programa de entrevista televisivo, Fernando Haddad fez duras cr\u00edticas \u00e0 gest\u00e3o do governador Tarc\u00edsio de Freitas, afirmando que a atual administra\u00e7\u00e3o perdeu o comando da seguran\u00e7a p\u00fablica e apresenta uma vis\u00e3o limitada sobre o crime organizado.<\/p>\n<h2>Seguran\u00e7a p\u00fablica e o avan\u00e7o das fac\u00e7\u00f5es<\/h2>\n<p>O ex-ministro apontou falhas na condu\u00e7\u00e3o da Pol\u00edcia Militar e no combate ao PCC. Segundo ele, o governo estadual n\u00e3o compreende as interconex\u00f5es internacionais da fac\u00e7\u00e3o criminosa e desestruturou a cadeia de comando da corpora\u00e7\u00e3o ao afastar oficiais experientes por crit\u00e9rios pol\u00edticos.<\/p>\n<p>Para enfrentar o problema, Haddad defendeu a PEC da Seguran\u00e7a e prometeu a cria\u00e7\u00e3o de um gabinete antifac\u00e7\u00e3o integrado pelas pol\u00edcias estaduais, Pol\u00edcia Federal e Receita Federal.<\/p>\n<h2>Situa\u00e7\u00e3o fiscal e econ\u00f4mica de S\u00e3o Paulo<\/h2>\n<p>Na economia, o petista afirmou que o estado enfrenta a pior situa\u00e7\u00e3o fiscal dos \u00faltimos 30 anos. Dados da Secretaria da Fazenda citados por ele indicam que o caixa livre despencou de R$ 22 bilh\u00f5es para R$ 5 bilh\u00f5es, transformando o super\u00e1vit em d\u00e9ficit.<\/p>\n<p>Como alternativa, o candidato prometeu realizar um rigoroso pente-fino nos contratos de concess\u00e3o firmados com a iniciativa privada, descartando novos aumentos de impostos para equilibrar as contas p\u00fablicas.<\/p>\n<h2>Debate sobre as bets e cen\u00e1rio nacional<\/h2>\n<p>O pol\u00edtico tamb\u00e9m responsabilizou a gest\u00e3o federal anterior pela falta de regulamenta\u00e7\u00e3o das plataformas de apostas online, as chamadas bets, afirmando que o setor drena recursos da economia. Ele sugeriu uma consulta popular para reavaliar a legisla\u00e7\u00e3o vigente sobre o tema.<\/p>\n<p>Por fim, defendeu o or\u00e7amento apresentado pelo governo federal atual e criticou o patamar atual da taxa de juros praticada pelo Banco Central, classificando-a como inadequada para a din\u00e2mica da d\u00edvida do pa\u00eds.<\/p>\n<p>Por Reda\u00e7\u00e3o Acontece<\/p>\n<p>Cr\u00e9ditos da imagem: Reprodu\u00e7\u00e3o \/ TV Cultura<\/p>\n","protected":false},"excerpt":{"rendered":"<p>Durante participa\u00e7\u00e3o em um programa de entrevista televisivo, Fernando Haddad fez duras cr\u00edticas \u00e0 gest\u00e3o do governador Tarc\u00edsio de Freitas, afirmando que a atual administra\u00e7\u00e3o perdeu o comando da seguran\u00e7a p\u00fablica e apresenta uma vis\u00e3o limitada sobre o crime organizado. Seguran\u00e7a p\u00fablica e o avan\u00e7o das fac\u00e7\u00f5es O ex-ministro apontou falhas na condu\u00e7\u00e3o da Pol\u00edcia [&hellip;]<\/p>\n","protected":false},"author":0,"featured_media":32898,"comment_status":"open","ping_status":"open","sticky":false,"template":"","format":"standard","meta":{"footnotes":""},"categories":[28],"tags":[],"class_list":["post-32890","post","type-post","status-publish","format-standard","has-post-thumbnail","hentry","category-mundo"],"_links":{"self":[{"href":"https:\/\/acontecenafronteira.com.br\/index.php\/wp-json\/wp\/v2\/posts\/32890","targetHints":{"allow":["GET"]}}],"collection":[{"href":"https:\/\/acontecenafronteira.com.br\/index.php\/wp-json\/wp\/v2\/posts"}],"about":[{"href":"https:\/\/acontecenafronteira.com.br\/index.php\/wp-json\/wp\/v2\/types\/post"}],"replies":[{"embeddable":true,"href":"https:\/\/acontecenafronteira.com.br\/index.php\/wp-json\/wp\/v2\/comments?post=32890"}],"version-history":[{"count":1,"href":"https:\/\/acontecenafronteira.com.br\/index.php\/wp-json\/wp\/v2\/posts\/32890\/revisions"}],"predecessor-version":[{"id":32897,"href":"https:\/\/acontecenafronteira.com.br\/index.php\/wp-json\/wp\/v2\/posts\/32890\/revisions\/32897"}],"wp:featuredmedia":[{"embeddable":true,"href":"https:\/\/acontecenafronteira.com.br\/index.php\/wp-json\/wp\/v2\/media\/32898"}],"wp:attachment":[{"href":"https:\/\/acontecenafronteira.com.br\/index.php\/wp-json\/wp\/v2\/media?parent=32890"}],"wp:term":[{"taxonomy":"category","embeddable":true,"href":"https:\/\/acontecenafronteira.com.br\/index.php\/wp-json\/wp\/v2\/categories?post=32890"},{"taxonomy":"post_tag","embeddable":true,"href":"https:\/\/acontecenafronteira.com.br\/index.php\/wp-json\/wp\/v2\/tags?post=32890"}],"curies":[{"name":"wp","href":"https:\/\/api.w.org\/{rel}","templated":true}]}}